{"id":24263,"date":"2023-09-29T20:24:23","date_gmt":"2023-09-29T20:24:23","guid":{"rendered":"https:\/\/oncos.com\/vedlejsi-ucinky-radioterapie-plic\/"},"modified":"2023-09-29T20:24:23","modified_gmt":"2023-09-29T20:24:23","slug":"vedlejsi-ucinky-radioterapie-plic","status":"publish","type":"post","link":"https:\/\/oncos.com\/cs\/vedlejsi-ucinky-radioterapie-plic\/","title":{"rendered":"Vedlej\u0161\u00ed \u00fa\u010dinky radioterapie plic"},"content":{"rendered":"<p>Radioterapie plic je l\u00e9\u010debn\u00fd postup pou\u017e\u00edvan\u00fd k \u0159e\u0161en\u00ed r\u016fzn\u00fdch plicn\u00edch onemocn\u011bn\u00ed, jako je rakovina plic a dal\u0161\u00ed plicn\u00ed choroby. P\u0159i t\u00e9to l\u00e9\u010db\u011b je na posti\u017eenou oblast plic sm\u011b\u0159ov\u00e1no ionizuj\u00edc\u00ed z\u00e1\u0159en\u00ed, jeho\u017e c\u00edlem je zni\u010dit rakovinn\u00e9 bu\u0148ky a omezit jejich r\u016fst. Stejn\u011b jako u mnoha jin\u00fdch zp\u016fsob\u016f l\u00e9\u010dby rakoviny v\u0161ak m\u016f\u017ee radioterapie plic zp\u016fsobit v\u00fdznamn\u00e9 vedlej\u0161\u00ed \u00fa\u010dinky.  <\/p>\n<p>&nbsp;<\/p>\n<h2>B\u011b\u017en\u00e9 ne\u017e\u00e1douc\u00ed \u00fa\u010dinky radioterapie plic<\/h2>\n<p>Ne\u017e\u00e1douc\u00ed \u00fa\u010dinky radioterapie plic se mohou u jednotliv\u00fdch osob li\u0161it, ale mezi b\u011b\u017en\u00e9 p\u0159\u00edznaky pat\u0159\u00ed \u00fanava, podr\u00e1\u017ed\u011bn\u00ed k\u016f\u017ee v l\u00e9\u010den\u00e9 oblasti, ka\u0161el, d\u00fdchac\u00ed pot\u00ed\u017ee a podr\u00e1\u017ed\u011bn\u00ed hrdla. N\u011bkte\u0159\u00ed pacienti mohou poci\u0165ovat nevolnost, ztr\u00e1tu chuti k j\u00eddlu a zm\u011bny chuti. Je d\u016fle\u017eit\u00e9 si uv\u011bdomit, \u017ee tyto p\u0159\u00edznaky jsou obvykle do\u010dasn\u00e9 a \u017ee l\u00e9ka\u0159 bude pacienta po celou dobu l\u00e9\u010dby pe\u010dliv\u011b sledovat, aby co nejl\u00e9pe zvl\u00e1dl ne\u017e\u00e1douc\u00ed \u00fa\u010dinky radioterapie plic.  <\/p>\n<p>&nbsp;<\/p>\n<h2>Zvl\u00e1d\u00e1n\u00ed ne\u017e\u00e1douc\u00edch \u00fa\u010dink\u016f b\u011bhem l\u00e9\u010dby<\/h2>\n<p>Aby pacient zvl\u00e1dl vedlej\u0161\u00ed \u00fa\u010dinky radioterapie plic, m\u011bl by pe\u010dliv\u011b dodr\u017eovat pokyny l\u00e9ka\u0159e a zdravotnick\u00e9ho person\u00e1lu. Je nezbytn\u00e9 neprodlen\u011b hl\u00e1sit jak\u00e9koli zm\u011bny p\u0159\u00edznak\u016f nebo nov\u00e9 pot\u00ed\u017ee, kter\u00e9 se mohou b\u011bhem l\u00e9\u010dby objevit. Riziko komplikac\u00ed mohou pomoci sn\u00ed\u017eit n\u011bkter\u00e1 praktick\u00e1 opat\u0159en\u00ed, nap\u0159\u00edklad vyh\u00fdb\u00e1n\u00ed se expozici cigaretov\u00e9mu kou\u0159i a l\u00e1tk\u00e1m zne\u010di\u0161\u0165uj\u00edc\u00edm ovzdu\u0161\u00ed.  <\/p>\n<p>&nbsp;<\/p>\n<h2>V\u00fdznam l\u00e9ka\u0159sk\u00e9 a psychologick\u00e9 podpory p\u0159i radioterapii plic<\/h2>\n<p>Zvl\u00e1dnut\u00ed radioterapie plic m\u016f\u017ee b\u00fdt emocion\u00e1ln\u011b i fyzicky n\u00e1ro\u010dn\u00e9. Proto je velmi d\u016fle\u017eit\u00e9 m\u00edt odpov\u00eddaj\u00edc\u00ed podporu jak po str\u00e1nce zdravotn\u00ed, tak psychick\u00e9. Specializovan\u00ed l\u00e9ka\u0159i a zdravotn\u00ed sestry mohou poskytnout uklid\u0148uj\u00edc\u00ed informace, \u0159e\u0161it obavy pacient\u016f a poskytnout mo\u017enosti, jak zm\u00edrnit vedlej\u0161\u00ed \u00fa\u010dinky radioterapie plic. Psychologick\u00e1 podpora m\u016f\u017ee z\u00e1rove\u0148 pacientovi pomoci zvl\u00e1dnout stres a \u00fazkost spojenou s l\u00e9\u010dbou.   <\/p>\n<p>Radioterapie plic je \u00fa\u010dinnou l\u00e9\u010dbou n\u011bkolika plicn\u00edch onemocn\u011bn\u00ed, ale m\u016f\u017ee m\u00edt v\u00fdznamn\u00e9 vedlej\u0161\u00ed \u00fa\u010dinky. Pochopen\u00ed toho, co lze b\u011bhem l\u00e9\u010dby o\u010dek\u00e1vat, a spolupr\u00e1ce s l\u00e9ka\u0159sk\u00fdm t\u00fdmem m\u016f\u017ee tento proces usnadnit. Se spr\u00e1vnou podporou a sledov\u00e1n\u00edm mohou pacienti p\u0159istupovat k radioterapii plic s v\u011bt\u0161\u00ed d\u016fv\u011brou a optimismem ohledn\u011b sv\u00e9 cesty k uzdraven\u00ed. Mohl by v\u00e1s tak\u00e9 zaj\u00edmat tento souvisej\u00edc\u00ed \u010dl\u00e1nek: <a href=\"\/radioterapia-quanto-dura\/\">Jak dlouho trv\u00e1 radioterapie<\/a>.   <\/p>\n","protected":false},"excerpt":{"rendered":"<p>Radioterapie plic je l\u00e9\u010debn\u00fd postup pou\u017e\u00edvan\u00fd k \u0159e\u0161en\u00ed r\u016fzn\u00fdch plicn\u00edch onemocn\u011bn\u00ed, jako je rakovina plic a dal\u0161\u00ed plicn\u00ed choroby.<\/p>\n","protected":false},"author":1,"featured_media":24264,"comment_status":"open","ping_status":"open","sticky":false,"template":"","format":"standard","meta":{"footnotes":""},"tags":[],"acf":[],"yoast_head":"<!-- This site is optimized with the Yoast SEO plugin v21.3 - https:\/\/yoast.com\/wordpress\/plugins\/seo\/ -->\n<title>Vedlej\u0161\u00ed \u00fa\u010dinky radioterapie plic - Oncos<\/title>\n<meta name=\"description\" content=\"Ne\u017e\u00e1douc\u00ed \u00fa\u010dinky radioterapie plic: jak\u00e9 jsou a jak je lze odstranit. Zjist\u011bte s Oncosem, jak\u00e9 jsou vedlej\u0161\u00ed \u00fa\u010dinky radioterapie plic. P\u0159e\u010dt\u011bte si v\u00edce.\" \/>\n<meta name=\"robots\" content=\"index, follow, max-snippet:-1, max-image-preview:large, max-video-preview:-1\" \/>\n<link rel=\"canonical\" href=\"https:\/\/oncos.com\/cs\/vedlejsi-ucinky-radioterapie-plic\/\" \/>\n<meta property=\"og:locale\" content=\"cs_CZ\" \/>\n<meta property=\"og:type\" content=\"article\" \/>\n<meta property=\"og:title\" content=\"Vedlej\u0161\u00ed \u00fa\u010dinky radioterapie plic - Oncos\" \/>\n<meta property=\"og:description\" content=\"Ne\u017e\u00e1douc\u00ed \u00fa\u010dinky radioterapie plic: jak\u00e9 jsou a jak je lze odstranit. Zjist\u011bte s Oncosem, jak\u00e9 jsou vedlej\u0161\u00ed \u00fa\u010dinky radioterapie plic. P\u0159e\u010dt\u011bte si v\u00edce.\" \/>\n<meta property=\"og:url\" content=\"https:\/\/oncos.com\/cs\/vedlejsi-ucinky-radioterapie-plic\/\" \/>\n<meta property=\"og:site_name\" content=\"Oncos\" \/>\n<meta property=\"article:publisher\" content=\"https:\/\/www.facebook.com\/oncoscosmetica\" \/>\n<meta property=\"article:published_time\" content=\"2023-09-29T20:24:23+00:00\" \/>\n<meta property=\"og:image\" content=\"https:\/\/oncos.com\/site\/uploads\/2023\/08\/Radioterapia-polmone-effetti-collaterali.jpg\" \/>\n\t<meta property=\"og:image:width\" content=\"1500\" \/>\n\t<meta property=\"og:image:height\" content=\"1000\" \/>\n\t<meta property=\"og:image:type\" content=\"image\/jpeg\" \/>\n<meta name=\"author\" content=\"a.khoury@addlab.it\" \/>\n<meta name=\"twitter:card\" content=\"summary_large_image\" \/>\n<meta name=\"twitter:label1\" content=\"Written by\" \/>\n\t<meta name=\"twitter:data1\" content=\"a.khoury@addlab.it\" \/>\n\t<meta name=\"twitter:label2\" content=\"Est. reading time\" \/>\n\t<meta name=\"twitter:data2\" content=\"2 minutes\" \/>\n<script type=\"application\/ld+json\" class=\"yoast-schema-graph\">{\"@context\":\"https:\/\/schema.org\",\"@graph\":[{\"@type\":\"Article\",\"@id\":\"https:\/\/oncos.com\/cs\/vedlejsi-ucinky-radioterapie-plic\/#article\",\"isPartOf\":{\"@id\":\"https:\/\/oncos.com\/cs\/vedlejsi-ucinky-radioterapie-plic\/\"},\"author\":{\"name\":\"a.khoury@addlab.it\",\"@id\":\"https:\/\/www.oncos.com\/cs\/#\/schema\/person\/d9649ac4ee541335a132a4d800771d28\"},\"headline\":\"Vedlej\u0161\u00ed \u00fa\u010dinky radioterapie plic\",\"datePublished\":\"2023-09-29T20:24:23+00:00\",\"dateModified\":\"2023-09-29T20:24:23+00:00\",\"mainEntityOfPage\":{\"@id\":\"https:\/\/oncos.com\/cs\/vedlejsi-ucinky-radioterapie-plic\/\"},\"wordCount\":466,\"commentCount\":0,\"publisher\":{\"@id\":\"https:\/\/www.oncos.com\/cs\/#organization\"},\"inLanguage\":\"cs-CZ\",\"potentialAction\":[{\"@type\":\"CommentAction\",\"name\":\"Comment\",\"target\":[\"https:\/\/oncos.com\/cs\/vedlejsi-ucinky-radioterapie-plic\/#respond\"]}]},{\"@type\":\"WebPage\",\"@id\":\"https:\/\/oncos.com\/cs\/vedlejsi-ucinky-radioterapie-plic\/\",\"url\":\"https:\/\/oncos.com\/cs\/vedlejsi-ucinky-radioterapie-plic\/\",\"name\":\"Vedlej\u0161\u00ed \u00fa\u010dinky radioterapie plic - Oncos\",\"isPartOf\":{\"@id\":\"https:\/\/www.oncos.com\/cs\/#website\"},\"datePublished\":\"2023-09-29T20:24:23+00:00\",\"dateModified\":\"2023-09-29T20:24:23+00:00\",\"description\":\"Ne\u017e\u00e1douc\u00ed \u00fa\u010dinky radioterapie plic: jak\u00e9 jsou a jak je lze odstranit. Zjist\u011bte s Oncosem, jak\u00e9 jsou vedlej\u0161\u00ed \u00fa\u010dinky radioterapie plic. P\u0159e\u010dt\u011bte si v\u00edce.\",\"breadcrumb\":{\"@id\":\"https:\/\/oncos.com\/cs\/vedlejsi-ucinky-radioterapie-plic\/#breadcrumb\"},\"inLanguage\":\"cs-CZ\",\"potentialAction\":[{\"@type\":\"ReadAction\",\"target\":[\"https:\/\/oncos.com\/cs\/vedlejsi-ucinky-radioterapie-plic\/\"]}]},{\"@type\":\"BreadcrumbList\",\"@id\":\"https:\/\/oncos.com\/cs\/vedlejsi-ucinky-radioterapie-plic\/#breadcrumb\",\"itemListElement\":[{\"@type\":\"ListItem\",\"position\":1,\"name\":\"Home\",\"item\":\"https:\/\/oncos.com\/cs\/\"},{\"@type\":\"ListItem\",\"position\":2,\"name\":\"Vedlej\u0161\u00ed \u00fa\u010dinky radioterapie plic\"}]},{\"@type\":\"WebSite\",\"@id\":\"https:\/\/www.oncos.com\/cs\/#website\",\"url\":\"https:\/\/www.oncos.com\/cs\/\",\"name\":\"Oncos\",\"description\":\"\",\"publisher\":{\"@id\":\"https:\/\/www.oncos.com\/cs\/#organization\"},\"potentialAction\":[{\"@type\":\"SearchAction\",\"target\":{\"@type\":\"EntryPoint\",\"urlTemplate\":\"https:\/\/www.oncos.com\/cs\/?s={search_term_string}\"},\"query-input\":\"required name=search_term_string\"}],\"inLanguage\":\"cs-CZ\"},{\"@type\":\"Organization\",\"@id\":\"https:\/\/www.oncos.com\/cs\/#organization\",\"name\":\"Oncos\",\"url\":\"https:\/\/www.oncos.com\/cs\/\",\"logo\":{\"@type\":\"ImageObject\",\"inLanguage\":\"cs-CZ\",\"@id\":\"https:\/\/www.oncos.com\/cs\/#\/schema\/logo\/image\/\",\"url\":\"https:\/\/oncos.com\/site\/uploads\/2023\/08\/logo.png\",\"contentUrl\":\"https:\/\/oncos.com\/site\/uploads\/2023\/08\/logo.png\",\"width\":693,\"height\":200,\"caption\":\"Oncos\"},\"image\":{\"@id\":\"https:\/\/www.oncos.com\/cs\/#\/schema\/logo\/image\/\"},\"sameAs\":[\"https:\/\/www.facebook.com\/oncoscosmetica\",\"https:\/\/www.instagram.com\/oncos_cosmetici\/\"]},{\"@type\":\"Person\",\"@id\":\"https:\/\/www.oncos.com\/cs\/#\/schema\/person\/d9649ac4ee541335a132a4d800771d28\",\"name\":\"a.khoury@addlab.it\",\"image\":{\"@type\":\"ImageObject\",\"inLanguage\":\"cs-CZ\",\"@id\":\"https:\/\/www.oncos.com\/cs\/#\/schema\/person\/image\/\",\"url\":\"https:\/\/secure.gravatar.com\/avatar\/2fbb7a4ecbd6d240db01b926ab1aeda5?s=96&d=mm&r=g\",\"contentUrl\":\"https:\/\/secure.gravatar.com\/avatar\/2fbb7a4ecbd6d240db01b926ab1aeda5?s=96&d=mm&r=g\",\"caption\":\"a.khoury@addlab.it\"},\"sameAs\":[\"http:\/\/localhost\/wp-template\/wp\"],\"url\":\"https:\/\/oncos.com\/cs\/author\/a-khouryaddlab-it\/\"}]}<\/script>\n<!-- \/ Yoast SEO plugin. -->","yoast_head_json":{"title":"Vedlej\u0161\u00ed \u00fa\u010dinky radioterapie plic - Oncos","description":"Ne\u017e\u00e1douc\u00ed \u00fa\u010dinky radioterapie plic: jak\u00e9 jsou a jak je lze odstranit. Zjist\u011bte s Oncosem, jak\u00e9 jsou vedlej\u0161\u00ed \u00fa\u010dinky radioterapie plic. P\u0159e\u010dt\u011bte si v\u00edce.","robots":{"index":"index","follow":"follow","max-snippet":"max-snippet:-1","max-image-preview":"max-image-preview:large","max-video-preview":"max-video-preview:-1"},"canonical":"https:\/\/oncos.com\/cs\/vedlejsi-ucinky-radioterapie-plic\/","og_locale":"cs_CZ","og_type":"article","og_title":"Vedlej\u0161\u00ed \u00fa\u010dinky radioterapie plic - Oncos","og_description":"Ne\u017e\u00e1douc\u00ed \u00fa\u010dinky radioterapie plic: jak\u00e9 jsou a jak je lze odstranit. Zjist\u011bte s Oncosem, jak\u00e9 jsou vedlej\u0161\u00ed \u00fa\u010dinky radioterapie plic. P\u0159e\u010dt\u011bte si v\u00edce.","og_url":"https:\/\/oncos.com\/cs\/vedlejsi-ucinky-radioterapie-plic\/","og_site_name":"Oncos","article_publisher":"https:\/\/www.facebook.com\/oncoscosmetica","article_published_time":"2023-09-29T20:24:23+00:00","og_image":[{"width":1500,"height":1000,"url":"https:\/\/oncos.com\/site\/uploads\/2023\/08\/Radioterapia-polmone-effetti-collaterali.jpg","type":"image\/jpeg"}],"author":"a.khoury@addlab.it","twitter_card":"summary_large_image","twitter_misc":{"Written by":"a.khoury@addlab.it","Est. reading time":"2 minutes"},"schema":{"@context":"https:\/\/schema.org","@graph":[{"@type":"Article","@id":"https:\/\/oncos.com\/cs\/vedlejsi-ucinky-radioterapie-plic\/#article","isPartOf":{"@id":"https:\/\/oncos.com\/cs\/vedlejsi-ucinky-radioterapie-plic\/"},"author":{"name":"a.khoury@addlab.it","@id":"https:\/\/www.oncos.com\/cs\/#\/schema\/person\/d9649ac4ee541335a132a4d800771d28"},"headline":"Vedlej\u0161\u00ed \u00fa\u010dinky radioterapie plic","datePublished":"2023-09-29T20:24:23+00:00","dateModified":"2023-09-29T20:24:23+00:00","mainEntityOfPage":{"@id":"https:\/\/oncos.com\/cs\/vedlejsi-ucinky-radioterapie-plic\/"},"wordCount":466,"commentCount":0,"publisher":{"@id":"https:\/\/www.oncos.com\/cs\/#organization"},"inLanguage":"cs-CZ","potentialAction":[{"@type":"CommentAction","name":"Comment","target":["https:\/\/oncos.com\/cs\/vedlejsi-ucinky-radioterapie-plic\/#respond"]}]},{"@type":"WebPage","@id":"https:\/\/oncos.com\/cs\/vedlejsi-ucinky-radioterapie-plic\/","url":"https:\/\/oncos.com\/cs\/vedlejsi-ucinky-radioterapie-plic\/","name":"Vedlej\u0161\u00ed \u00fa\u010dinky radioterapie plic - Oncos","isPartOf":{"@id":"https:\/\/www.oncos.com\/cs\/#website"},"datePublished":"2023-09-29T20:24:23+00:00","dateModified":"2023-09-29T20:24:23+00:00","description":"Ne\u017e\u00e1douc\u00ed \u00fa\u010dinky radioterapie plic: jak\u00e9 jsou a jak je lze odstranit. Zjist\u011bte s Oncosem, jak\u00e9 jsou vedlej\u0161\u00ed \u00fa\u010dinky radioterapie plic. P\u0159e\u010dt\u011bte si v\u00edce.","breadcrumb":{"@id":"https:\/\/oncos.com\/cs\/vedlejsi-ucinky-radioterapie-plic\/#breadcrumb"},"inLanguage":"cs-CZ","potentialAction":[{"@type":"ReadAction","target":["https:\/\/oncos.com\/cs\/vedlejsi-ucinky-radioterapie-plic\/"]}]},{"@type":"BreadcrumbList","@id":"https:\/\/oncos.com\/cs\/vedlejsi-ucinky-radioterapie-plic\/#breadcrumb","itemListElement":[{"@type":"ListItem","position":1,"name":"Home","item":"https:\/\/oncos.com\/cs\/"},{"@type":"ListItem","position":2,"name":"Vedlej\u0161\u00ed \u00fa\u010dinky radioterapie plic"}]},{"@type":"WebSite","@id":"https:\/\/www.oncos.com\/cs\/#website","url":"https:\/\/www.oncos.com\/cs\/","name":"Oncos","description":"","publisher":{"@id":"https:\/\/www.oncos.com\/cs\/#organization"},"potentialAction":[{"@type":"SearchAction","target":{"@type":"EntryPoint","urlTemplate":"https:\/\/www.oncos.com\/cs\/?s={search_term_string}"},"query-input":"required name=search_term_string"}],"inLanguage":"cs-CZ"},{"@type":"Organization","@id":"https:\/\/www.oncos.com\/cs\/#organization","name":"Oncos","url":"https:\/\/www.oncos.com\/cs\/","logo":{"@type":"ImageObject","inLanguage":"cs-CZ","@id":"https:\/\/www.oncos.com\/cs\/#\/schema\/logo\/image\/","url":"https:\/\/oncos.com\/site\/uploads\/2023\/08\/logo.png","contentUrl":"https:\/\/oncos.com\/site\/uploads\/2023\/08\/logo.png","width":693,"height":200,"caption":"Oncos"},"image":{"@id":"https:\/\/www.oncos.com\/cs\/#\/schema\/logo\/image\/"},"sameAs":["https:\/\/www.facebook.com\/oncoscosmetica","https:\/\/www.instagram.com\/oncos_cosmetici\/"]},{"@type":"Person","@id":"https:\/\/www.oncos.com\/cs\/#\/schema\/person\/d9649ac4ee541335a132a4d800771d28","name":"a.khoury@addlab.it","image":{"@type":"ImageObject","inLanguage":"cs-CZ","@id":"https:\/\/www.oncos.com\/cs\/#\/schema\/person\/image\/","url":"https:\/\/secure.gravatar.com\/avatar\/2fbb7a4ecbd6d240db01b926ab1aeda5?s=96&d=mm&r=g","contentUrl":"https:\/\/secure.gravatar.com\/avatar\/2fbb7a4ecbd6d240db01b926ab1aeda5?s=96&d=mm&r=g","caption":"a.khoury@addlab.it"},"sameAs":["http:\/\/localhost\/wp-template\/wp"],"url":"https:\/\/oncos.com\/cs\/author\/a-khouryaddlab-it\/"}]}},"_links":{"self":[{"href":"https:\/\/oncos.com\/cs\/wp-json\/wp\/v2\/posts\/24263"}],"collection":[{"href":"https:\/\/oncos.com\/cs\/wp-json\/wp\/v2\/posts"}],"about":[{"href":"https:\/\/oncos.com\/cs\/wp-json\/wp\/v2\/types\/post"}],"author":[{"embeddable":true,"href":"https:\/\/oncos.com\/cs\/wp-json\/wp\/v2\/users\/1"}],"replies":[{"embeddable":true,"href":"https:\/\/oncos.com\/cs\/wp-json\/wp\/v2\/comments?post=24263"}],"version-history":[{"count":0,"href":"https:\/\/oncos.com\/cs\/wp-json\/wp\/v2\/posts\/24263\/revisions"}],"wp:featuredmedia":[{"embeddable":true,"href":"https:\/\/oncos.com\/cs\/wp-json\/wp\/v2\/media\/24264"}],"wp:attachment":[{"href":"https:\/\/oncos.com\/cs\/wp-json\/wp\/v2\/media?parent=24263"}],"wp:term":[{"taxonomy":"post_tag","embeddable":true,"href":"https:\/\/oncos.com\/cs\/wp-json\/wp\/v2\/tags?post=24263"}],"curies":[{"name":"wp","href":"https:\/\/api.w.org\/{rel}","templated":true}]}}