{"id":34093,"date":"2023-09-29T20:35:04","date_gmt":"2023-09-29T20:35:04","guid":{"rendered":"https:\/\/oncos.com\/palliative-strahlentherapie-wie-lange-und-was-sie-ist\/"},"modified":"2025-05-29T07:30:45","modified_gmt":"2025-05-29T07:30:45","slug":"palliative-strahlentherapie-wie-lange-und-was-sie-ist","status":"publish","type":"post","link":"https:\/\/oncos.com\/de\/palliative-strahlentherapie-wie-lange-und-was-sie-ist\/","title":{"rendered":"Palliative Strahlentherapie: wie lange und was sie ist"},"content":{"rendered":"<p>Wie lange dauert die palliative Strahlentherapie? Dies ist eine der am h\u00e4ufigsten gestellten Fragen. Doch bevor Sie verstehen, wie lange eine palliative Strahlentherapie dauert, sollten Sie wissen, was sie ist.  <\/p>\n<p>&nbsp;<\/p>\n<h2>Was ist palliative Strahlentherapie?<\/h2>\n<p>Eine Form der medizinischen Behandlung, die darauf abzielt, die Lebensqualit\u00e4t von Patienten mit fortgeschrittener Krebserkrankung zu verbessern. Im Gegensatz zur kurativen Strahlentherapie zielt die palliative Strahlentherapie darauf ab, die Symptome zu lindern, die Schmerzen zu reduzieren und das Wohlbefinden des Patienten zu verbessern. Dies jedoch ohne eine vollst\u00e4ndige Heilung anzustreben.  <\/p>\n<p>Es handelt sich also um eine Form der medizinischen Behandlung, die darauf abzielt, die Lebensqualit\u00e4t von Patienten mit fortgeschrittener Krebserkrankung zu verbessern. Im Gegensatz zur kurativen Therapie zielt die palliative Behandlung darauf ab, die Symptome zu lindern, die Schmerzen zu reduzieren und das Wohlbefinden des Patienten zu verbessern, ohne eine vollst\u00e4ndige Heilung anzustreben. <\/p>\n<p>&nbsp;<\/p>\n<h2>Wie lange dauert die palliative Strahlentherapie?<\/h2>\n<p>Die Dauer der palliativen Strahlentherapie kann je nach Art des Tumors, dem Zustand des Patienten und den Behandlungszielen variieren. Im Gegensatz zur kurativen Behandlung, die sich \u00fcber mehrere Wochen erstreckt, kann die palliative Behandlung in einer geringeren Anzahl von Sitzungen abgeschlossen werden. In manchen F\u00e4llen k\u00f6nnen eine oder zwei Sitzungen ausreichen, w\u00e4hrend die Behandlung in anderen F\u00e4llen mehrere Wochen dauern kann. Vielleicht interessiert Sie auch der Artikel: <a href=\"\/radioterapia-quanto-dura\/\">Strahlentherapie &#8211; wie lange dauert sie<\/a>?   <\/p>\n<p>&nbsp;<\/p>\n<h2>Zweck und Nutzen der palliativen Strahlentherapie<\/h2>\n<p>Diese Art der Strahlentherapie ist n\u00fctzlich, um eine Reihe von Symptomen und Komplikationen im Zusammenhang mit fortgeschrittenen Tumoren zu behandeln. Sie kann eingesetzt werden, um die Gr\u00f6\u00dfe von Tumoren zu verringern, die lebenswichtige Organe behindern oder auf sie dr\u00fccken. Dadurch wird die Atmung oder die Funktion der Organe verbessert. Dar\u00fcber hinaus kann die palliative Therapie dazu beitragen, durch Tumore oder Knochenmetastasen verursachte Schmerzen zu lindern.   <\/p>\n<p>&nbsp;<\/p>\n<h2>Zu den wichtigsten Zielen der Therapie geh\u00f6ren:<\/h2>\n<ul>\n<li>Linderung der mit der Krankheit verbundenen Schmerzen und Symptome;<\/li>\n<li>Verbesserte Funktionalit\u00e4t und Lebensqualit\u00e4t;<\/li>\n<li>Hilfe bei der Behandlung von Komplikationen, die durch das Tumorwachstum entstehen;<\/li>\n<li>Unterst\u00fctzung des psychischen Wohlbefindens des Patienten und der Familienangeh\u00f6rigen.<\/li>\n<\/ul>\n<p>Im Wesentlichen handelt es sich bei dieser Art der Strahlentherapie um eine Behandlung, die darauf abzielt, die Lebensqualit\u00e4t von Patienten mit fortgeschrittenen oder unheilbaren Krebserkrankungen zu verbessern. Wie lange dauert die palliative Strahlentherapie? Die Dauer kann variieren, aber das Hauptziel ist es, Komfort und Symptomlinderung zu bieten. Mit der entsprechenden medizinischen und psychologischen Unterst\u00fctzung kann diese Therapie den Patienten helfen, w\u00e4hrend ihrer Krankheit besser und angenehmer zu leben.   <\/p>\n","protected":false},"excerpt":{"rendered":"<p>Wie lange dauert die palliative Strahlentherapie? Dies ist eine der am h\u00e4ufigsten gestellten Fragen. Doch bevor Sie verstehen, wie lange eine palliative Strahlentherapie dauert, sollten Sie wissen, was sie ist.  <\/p>\n","protected":false},"author":1,"featured_media":34094,"comment_status":"open","ping_status":"open","sticky":false,"template":"","format":"standard","meta":{"footnotes":""},"tags":[324,325],"acf":[],"yoast_head":"<!-- This site is optimized with the Yoast SEO plugin v21.3 - https:\/\/yoast.com\/wordpress\/plugins\/seo\/ -->\n<title>Palliative Strahlentherapie: wie lange sie dauert und was sie ist - Oncos<\/title>\n<meta name=\"description\" content=\"Palliative Strahlentherapie: wie lange und was sie ist. Finden Sie mit Oncos heraus, was eine palliative Strahlentherapie ist, wie wirksam sie ist und welche praktischen F\u00e4lle es gibt. Lesen Sie mehr.\" \/>\n<meta name=\"robots\" content=\"index, follow, max-snippet:-1, max-image-preview:large, max-video-preview:-1\" \/>\n<link rel=\"canonical\" href=\"https:\/\/oncos.com\/de\/palliative-strahlentherapie-wie-lange-und-was-sie-ist\/\" \/>\n<meta property=\"og:locale\" content=\"de_DE\" \/>\n<meta property=\"og:type\" content=\"article\" \/>\n<meta property=\"og:title\" content=\"Palliative Strahlentherapie: wie lange sie dauert und was sie ist - Oncos\" \/>\n<meta property=\"og:description\" content=\"Palliative Strahlentherapie: wie lange und was sie ist. Finden Sie mit Oncos heraus, was eine palliative Strahlentherapie ist, wie wirksam sie ist und welche praktischen F\u00e4lle es gibt. Lesen Sie mehr.\" \/>\n<meta property=\"og:url\" content=\"https:\/\/oncos.com\/de\/palliative-strahlentherapie-wie-lange-und-was-sie-ist\/\" \/>\n<meta property=\"og:site_name\" content=\"Oncos\" \/>\n<meta property=\"article:publisher\" content=\"https:\/\/www.facebook.com\/oncoscosmetica\" \/>\n<meta property=\"article:published_time\" content=\"2023-09-29T20:35:04+00:00\" \/>\n<meta property=\"article:modified_time\" content=\"2025-05-29T07:30:45+00:00\" \/>\n<meta property=\"og:image\" content=\"https:\/\/www.oncos.com\/site\/uploads\/2023\/08\/Radioterapia-Palliativa-quanto-dura-e-cose.jpg\" \/>\n\t<meta property=\"og:image:width\" content=\"1500\" \/>\n\t<meta property=\"og:image:height\" content=\"1000\" \/>\n\t<meta property=\"og:image:type\" content=\"image\/jpeg\" \/>\n<meta name=\"author\" content=\"a.khoury@addlab.it\" \/>\n<meta name=\"twitter:card\" content=\"summary_large_image\" \/>\n<meta name=\"twitter:label1\" content=\"Written by\" \/>\n\t<meta name=\"twitter:data1\" content=\"a.khoury@addlab.it\" \/>\n\t<meta name=\"twitter:label2\" content=\"Est. reading time\" \/>\n\t<meta name=\"twitter:data2\" content=\"2 minutes\" \/>\n<script type=\"application\/ld+json\" class=\"yoast-schema-graph\">{\"@context\":\"https:\/\/schema.org\",\"@graph\":[{\"@type\":\"Article\",\"@id\":\"https:\/\/oncos.com\/de\/palliative-strahlentherapie-wie-lange-und-was-sie-ist\/#article\",\"isPartOf\":{\"@id\":\"https:\/\/oncos.com\/de\/palliative-strahlentherapie-wie-lange-und-was-sie-ist\/\"},\"author\":{\"name\":\"a.khoury@addlab.it\",\"@id\":\"https:\/\/www.oncos.com\/de\/#\/schema\/person\/d9649ac4ee541335a132a4d800771d28\"},\"headline\":\"Palliative Strahlentherapie: wie lange und was sie ist\",\"datePublished\":\"2023-09-29T20:35:04+00:00\",\"dateModified\":\"2025-05-29T07:30:45+00:00\",\"mainEntityOfPage\":{\"@id\":\"https:\/\/oncos.com\/de\/palliative-strahlentherapie-wie-lange-und-was-sie-ist\/\"},\"wordCount\":428,\"commentCount\":0,\"publisher\":{\"@id\":\"https:\/\/www.oncos.com\/de\/#organization\"},\"keywords\":[\"Alle sehen\",\"Therapien\"],\"inLanguage\":\"de-DE\",\"potentialAction\":[{\"@type\":\"CommentAction\",\"name\":\"Comment\",\"target\":[\"https:\/\/oncos.com\/de\/palliative-strahlentherapie-wie-lange-und-was-sie-ist\/#respond\"]}]},{\"@type\":\"WebPage\",\"@id\":\"https:\/\/oncos.com\/de\/palliative-strahlentherapie-wie-lange-und-was-sie-ist\/\",\"url\":\"https:\/\/oncos.com\/de\/palliative-strahlentherapie-wie-lange-und-was-sie-ist\/\",\"name\":\"Palliative Strahlentherapie: wie lange sie dauert und was sie ist - Oncos\",\"isPartOf\":{\"@id\":\"https:\/\/www.oncos.com\/de\/#website\"},\"datePublished\":\"2023-09-29T20:35:04+00:00\",\"dateModified\":\"2025-05-29T07:30:45+00:00\",\"description\":\"Palliative Strahlentherapie: wie lange und was sie ist. Finden Sie mit Oncos heraus, was eine palliative Strahlentherapie ist, wie wirksam sie ist und welche praktischen F\u00e4lle es gibt. Lesen Sie mehr.\",\"breadcrumb\":{\"@id\":\"https:\/\/oncos.com\/de\/palliative-strahlentherapie-wie-lange-und-was-sie-ist\/#breadcrumb\"},\"inLanguage\":\"de-DE\",\"potentialAction\":[{\"@type\":\"ReadAction\",\"target\":[\"https:\/\/oncos.com\/de\/palliative-strahlentherapie-wie-lange-und-was-sie-ist\/\"]}]},{\"@type\":\"BreadcrumbList\",\"@id\":\"https:\/\/oncos.com\/de\/palliative-strahlentherapie-wie-lange-und-was-sie-ist\/#breadcrumb\",\"itemListElement\":[{\"@type\":\"ListItem\",\"position\":1,\"name\":\"Home\",\"item\":\"https:\/\/oncos.com\/de\/\"},{\"@type\":\"ListItem\",\"position\":2,\"name\":\"Palliative Strahlentherapie: wie lange und was sie ist\"}]},{\"@type\":\"WebSite\",\"@id\":\"https:\/\/www.oncos.com\/de\/#website\",\"url\":\"https:\/\/www.oncos.com\/de\/\",\"name\":\"Oncos\",\"description\":\"\",\"publisher\":{\"@id\":\"https:\/\/www.oncos.com\/de\/#organization\"},\"potentialAction\":[{\"@type\":\"SearchAction\",\"target\":{\"@type\":\"EntryPoint\",\"urlTemplate\":\"https:\/\/www.oncos.com\/de\/?s={search_term_string}\"},\"query-input\":\"required name=search_term_string\"}],\"inLanguage\":\"de-DE\"},{\"@type\":\"Organization\",\"@id\":\"https:\/\/www.oncos.com\/de\/#organization\",\"name\":\"Oncos\",\"url\":\"https:\/\/www.oncos.com\/de\/\",\"logo\":{\"@type\":\"ImageObject\",\"inLanguage\":\"de-DE\",\"@id\":\"https:\/\/www.oncos.com\/de\/#\/schema\/logo\/image\/\",\"url\":\"https:\/\/oncos.com\/site\/uploads\/2023\/08\/logo.png\",\"contentUrl\":\"https:\/\/oncos.com\/site\/uploads\/2023\/08\/logo.png\",\"width\":693,\"height\":200,\"caption\":\"Oncos\"},\"image\":{\"@id\":\"https:\/\/www.oncos.com\/de\/#\/schema\/logo\/image\/\"},\"sameAs\":[\"https:\/\/www.facebook.com\/oncoscosmetica\",\"https:\/\/www.instagram.com\/oncos_cosmetici\/\"]},{\"@type\":\"Person\",\"@id\":\"https:\/\/www.oncos.com\/de\/#\/schema\/person\/d9649ac4ee541335a132a4d800771d28\",\"name\":\"a.khoury@addlab.it\",\"image\":{\"@type\":\"ImageObject\",\"inLanguage\":\"de-DE\",\"@id\":\"https:\/\/www.oncos.com\/de\/#\/schema\/person\/image\/\",\"url\":\"https:\/\/secure.gravatar.com\/avatar\/2fbb7a4ecbd6d240db01b926ab1aeda5?s=96&d=mm&r=g\",\"contentUrl\":\"https:\/\/secure.gravatar.com\/avatar\/2fbb7a4ecbd6d240db01b926ab1aeda5?s=96&d=mm&r=g\",\"caption\":\"a.khoury@addlab.it\"},\"sameAs\":[\"http:\/\/localhost\/wp-template\/wp\"],\"url\":\"https:\/\/oncos.com\/de\/author\/a-khouryaddlab-it\/\"}]}<\/script>\n<!-- \/ Yoast SEO plugin. -->","yoast_head_json":{"title":"Palliative Strahlentherapie: wie lange sie dauert und was sie ist - Oncos","description":"Palliative Strahlentherapie: wie lange und was sie ist. Finden Sie mit Oncos heraus, was eine palliative Strahlentherapie ist, wie wirksam sie ist und welche praktischen F\u00e4lle es gibt. Lesen Sie mehr.","robots":{"index":"index","follow":"follow","max-snippet":"max-snippet:-1","max-image-preview":"max-image-preview:large","max-video-preview":"max-video-preview:-1"},"canonical":"https:\/\/oncos.com\/de\/palliative-strahlentherapie-wie-lange-und-was-sie-ist\/","og_locale":"de_DE","og_type":"article","og_title":"Palliative Strahlentherapie: wie lange sie dauert und was sie ist - Oncos","og_description":"Palliative Strahlentherapie: wie lange und was sie ist. Finden Sie mit Oncos heraus, was eine palliative Strahlentherapie ist, wie wirksam sie ist und welche praktischen F\u00e4lle es gibt. Lesen Sie mehr.","og_url":"https:\/\/oncos.com\/de\/palliative-strahlentherapie-wie-lange-und-was-sie-ist\/","og_site_name":"Oncos","article_publisher":"https:\/\/www.facebook.com\/oncoscosmetica","article_published_time":"2023-09-29T20:35:04+00:00","article_modified_time":"2025-05-29T07:30:45+00:00","og_image":[{"width":1500,"height":1000,"url":"https:\/\/www.oncos.com\/site\/uploads\/2023\/08\/Radioterapia-Palliativa-quanto-dura-e-cose.jpg","type":"image\/jpeg"}],"author":"a.khoury@addlab.it","twitter_card":"summary_large_image","twitter_misc":{"Written by":"a.khoury@addlab.it","Est. reading time":"2 minutes"},"schema":{"@context":"https:\/\/schema.org","@graph":[{"@type":"Article","@id":"https:\/\/oncos.com\/de\/palliative-strahlentherapie-wie-lange-und-was-sie-ist\/#article","isPartOf":{"@id":"https:\/\/oncos.com\/de\/palliative-strahlentherapie-wie-lange-und-was-sie-ist\/"},"author":{"name":"a.khoury@addlab.it","@id":"https:\/\/www.oncos.com\/de\/#\/schema\/person\/d9649ac4ee541335a132a4d800771d28"},"headline":"Palliative Strahlentherapie: wie lange und was sie ist","datePublished":"2023-09-29T20:35:04+00:00","dateModified":"2025-05-29T07:30:45+00:00","mainEntityOfPage":{"@id":"https:\/\/oncos.com\/de\/palliative-strahlentherapie-wie-lange-und-was-sie-ist\/"},"wordCount":428,"commentCount":0,"publisher":{"@id":"https:\/\/www.oncos.com\/de\/#organization"},"keywords":["Alle sehen","Therapien"],"inLanguage":"de-DE","potentialAction":[{"@type":"CommentAction","name":"Comment","target":["https:\/\/oncos.com\/de\/palliative-strahlentherapie-wie-lange-und-was-sie-ist\/#respond"]}]},{"@type":"WebPage","@id":"https:\/\/oncos.com\/de\/palliative-strahlentherapie-wie-lange-und-was-sie-ist\/","url":"https:\/\/oncos.com\/de\/palliative-strahlentherapie-wie-lange-und-was-sie-ist\/","name":"Palliative Strahlentherapie: wie lange sie dauert und was sie ist - Oncos","isPartOf":{"@id":"https:\/\/www.oncos.com\/de\/#website"},"datePublished":"2023-09-29T20:35:04+00:00","dateModified":"2025-05-29T07:30:45+00:00","description":"Palliative Strahlentherapie: wie lange und was sie ist. Finden Sie mit Oncos heraus, was eine palliative Strahlentherapie ist, wie wirksam sie ist und welche praktischen F\u00e4lle es gibt. Lesen Sie mehr.","breadcrumb":{"@id":"https:\/\/oncos.com\/de\/palliative-strahlentherapie-wie-lange-und-was-sie-ist\/#breadcrumb"},"inLanguage":"de-DE","potentialAction":[{"@type":"ReadAction","target":["https:\/\/oncos.com\/de\/palliative-strahlentherapie-wie-lange-und-was-sie-ist\/"]}]},{"@type":"BreadcrumbList","@id":"https:\/\/oncos.com\/de\/palliative-strahlentherapie-wie-lange-und-was-sie-ist\/#breadcrumb","itemListElement":[{"@type":"ListItem","position":1,"name":"Home","item":"https:\/\/oncos.com\/de\/"},{"@type":"ListItem","position":2,"name":"Palliative Strahlentherapie: wie lange und was sie ist"}]},{"@type":"WebSite","@id":"https:\/\/www.oncos.com\/de\/#website","url":"https:\/\/www.oncos.com\/de\/","name":"Oncos","description":"","publisher":{"@id":"https:\/\/www.oncos.com\/de\/#organization"},"potentialAction":[{"@type":"SearchAction","target":{"@type":"EntryPoint","urlTemplate":"https:\/\/www.oncos.com\/de\/?s={search_term_string}"},"query-input":"required name=search_term_string"}],"inLanguage":"de-DE"},{"@type":"Organization","@id":"https:\/\/www.oncos.com\/de\/#organization","name":"Oncos","url":"https:\/\/www.oncos.com\/de\/","logo":{"@type":"ImageObject","inLanguage":"de-DE","@id":"https:\/\/www.oncos.com\/de\/#\/schema\/logo\/image\/","url":"https:\/\/oncos.com\/site\/uploads\/2023\/08\/logo.png","contentUrl":"https:\/\/oncos.com\/site\/uploads\/2023\/08\/logo.png","width":693,"height":200,"caption":"Oncos"},"image":{"@id":"https:\/\/www.oncos.com\/de\/#\/schema\/logo\/image\/"},"sameAs":["https:\/\/www.facebook.com\/oncoscosmetica","https:\/\/www.instagram.com\/oncos_cosmetici\/"]},{"@type":"Person","@id":"https:\/\/www.oncos.com\/de\/#\/schema\/person\/d9649ac4ee541335a132a4d800771d28","name":"a.khoury@addlab.it","image":{"@type":"ImageObject","inLanguage":"de-DE","@id":"https:\/\/www.oncos.com\/de\/#\/schema\/person\/image\/","url":"https:\/\/secure.gravatar.com\/avatar\/2fbb7a4ecbd6d240db01b926ab1aeda5?s=96&d=mm&r=g","contentUrl":"https:\/\/secure.gravatar.com\/avatar\/2fbb7a4ecbd6d240db01b926ab1aeda5?s=96&d=mm&r=g","caption":"a.khoury@addlab.it"},"sameAs":["http:\/\/localhost\/wp-template\/wp"],"url":"https:\/\/oncos.com\/de\/author\/a-khouryaddlab-it\/"}]}},"_links":{"self":[{"href":"https:\/\/oncos.com\/de\/wp-json\/wp\/v2\/posts\/34093"}],"collection":[{"href":"https:\/\/oncos.com\/de\/wp-json\/wp\/v2\/posts"}],"about":[{"href":"https:\/\/oncos.com\/de\/wp-json\/wp\/v2\/types\/post"}],"author":[{"embeddable":true,"href":"https:\/\/oncos.com\/de\/wp-json\/wp\/v2\/users\/1"}],"replies":[{"embeddable":true,"href":"https:\/\/oncos.com\/de\/wp-json\/wp\/v2\/comments?post=34093"}],"version-history":[{"count":1,"href":"https:\/\/oncos.com\/de\/wp-json\/wp\/v2\/posts\/34093\/revisions"}],"predecessor-version":[{"id":34095,"href":"https:\/\/oncos.com\/de\/wp-json\/wp\/v2\/posts\/34093\/revisions\/34095"}],"wp:featuredmedia":[{"embeddable":true,"href":"https:\/\/oncos.com\/de\/wp-json\/wp\/v2\/media\/34094"}],"wp:attachment":[{"href":"https:\/\/oncos.com\/de\/wp-json\/wp\/v2\/media?parent=34093"}],"wp:term":[{"taxonomy":"post_tag","embeddable":true,"href":"https:\/\/oncos.com\/de\/wp-json\/wp\/v2\/tags?post=34093"}],"curies":[{"name":"wp","href":"https:\/\/api.w.org\/{rel}","templated":true}]}}