{"id":34096,"date":"2023-09-29T20:24:23","date_gmt":"2023-09-29T20:24:23","guid":{"rendered":"https:\/\/oncos.com\/nebenwirkungen-der-strahlentherapie-auf-die-lunge\/"},"modified":"2025-05-29T07:31:13","modified_gmt":"2025-05-29T07:31:13","slug":"nebenwirkungen-der-strahlentherapie-auf-die-lunge","status":"publish","type":"post","link":"https:\/\/oncos.com\/de\/nebenwirkungen-der-strahlentherapie-auf-die-lunge\/","title":{"rendered":"Nebenwirkungen der Strahlentherapie auf die Lunge"},"content":{"rendered":"<p>Die Strahlentherapie der Lunge ist eine medizinische Behandlung, die bei verschiedenen Erkrankungen der Lunge eingesetzt wird, z. B. bei Lungenkrebs und anderen Lungenerkrankungen. Bei dieser Behandlung wird ionisierende Strahlung auf den betroffenen Bereich der Lunge gerichtet, um Krebszellen zu zerst\u00f6ren und ihr Wachstum zu verringern. Wie bei vielen Krebsbehandlungen kann die Strahlentherapie der Lunge jedoch erhebliche Nebenwirkungen verursachen.  <\/p>\n<p>&nbsp;<\/p>\n<h2>H\u00e4ufige Nebenwirkungen einer Strahlentherapie der Lunge<\/h2>\n<p>Die Nebenwirkungen einer Strahlentherapie der Lunge k\u00f6nnen von Person zu Person unterschiedlich sein. Zu den h\u00e4ufigsten Symptomen geh\u00f6ren jedoch M\u00fcdigkeit, Hautreizungen im behandelten Bereich, Husten, Atembeschwerden und Reizungen im Hals. Bei einigen Patienten k\u00f6nnen \u00dcbelkeit, Appetitlosigkeit und Geschmacksver\u00e4nderungen auftreten. Es ist wichtig, daran zu denken, dass diese Symptome in der Regel vor\u00fcbergehend sind und dass der Arzt den Patienten w\u00e4hrend der gesamten Behandlung genau beobachten wird, um die Nebenwirkungen der Strahlentherapie der Lunge bestm\u00f6glich zu behandeln.  <\/p>\n<p>&nbsp;<\/p>\n<h2>Umgang mit Nebenwirkungen w\u00e4hrend der Behandlung<\/h2>\n<p>Um die Nebenwirkungen der Lungenbestrahlung in den Griff zu bekommen, sollte der Patient die Anweisungen des Arztes und des medizinischen Personals sorgf\u00e4ltig befolgen. Es ist wichtig, jede Ver\u00e4nderung der Symptome oder neue Beschwerden, die w\u00e4hrend der Behandlung auftreten, unverz\u00fcglich zu melden. Einige praktische Vorsichtsma\u00dfnahmen, wie z.B. die Vermeidung von Zigarettenrauch und Luftschadstoffen, k\u00f6nnen helfen, das Risiko von Komplikationen zu verringern.  <\/p>\n<p>&nbsp;<\/p>\n<h2>Die Bedeutung der medizinischen und psychologischen Unterst\u00fctzung w\u00e4hrend der Strahlentherapie der Lunge<\/h2>\n<p>Die Bew\u00e4ltigung einer pulmonalen Strahlentherapie kann eine emotionale und k\u00f6rperliche Herausforderung sein. Daher ist es wichtig, dass Sie sowohl medizinisch als auch psychologisch angemessen unterst\u00fctzt werden. Spezialisierte \u00c4rzte und Krankenschwestern k\u00f6nnen beruhigende Informationen geben, auf die Sorgen der Patienten eingehen und Optionen zur Linderung der Nebenwirkungen der Lungenbestrahlung anbieten. Gleichzeitig kann psychologische Unterst\u00fctzung dem Patienten helfen, den mit der Behandlung verbundenen Stress und die \u00c4ngste zu bew\u00e4ltigen.   <\/p>\n<p>Die Strahlentherapie der Lunge ist eine wirksame Behandlung f\u00fcr verschiedene Lungenerkrankungen, kann aber erhebliche Nebenwirkungen verursachen. Wenn Sie wissen, was Sie w\u00e4hrend der Behandlung zu erwarten haben und mit dem medizinischen Team zusammenarbeiten, k\u00f6nnen Sie den Prozess besser bew\u00e4ltigen. Mit der richtigen Unterst\u00fctzung und \u00dcberwachung k\u00f6nnen Patienten die Strahlentherapie der Lunge mit mehr Zuversicht und Optimismus in Bezug auf ihren Genesungsweg angehen. Vielleicht interessiert Sie auch dieser verwandte Artikel, <a href=\"\/radioterapia-quanto-dura\/\">Wie lange dauert eine Strahlentherapie<\/a>.   <\/p>\n","protected":false},"excerpt":{"rendered":"<p>Die Strahlentherapie der Lunge ist eine medizinische Behandlung, die bei verschiedenen Lungenerkrankungen wie Lungenkrebs und anderen Lungenkrankheiten eingesetzt wird.<\/p>\n","protected":false},"author":1,"featured_media":34097,"comment_status":"open","ping_status":"open","sticky":false,"template":"","format":"standard","meta":{"footnotes":""},"tags":[324,325],"acf":[],"yoast_head":"<!-- This site is optimized with the Yoast SEO plugin v21.3 - https:\/\/yoast.com\/wordpress\/plugins\/seo\/ -->\n<title>Nebenwirkungen der Strahlentherapie der Lunge - Oncos<\/title>\n<meta name=\"description\" content=\"Nebenwirkungen der Strahlentherapie der Lunge: Was sie sind und wie sie behandelt werden k\u00f6nnen. Informieren Sie sich bei Oncos \u00fcber die Nebenwirkungen der Strahlentherapie der Lunge. Lesen Sie mehr.\" \/>\n<meta name=\"robots\" content=\"index, follow, max-snippet:-1, max-image-preview:large, max-video-preview:-1\" \/>\n<link rel=\"canonical\" href=\"https:\/\/oncos.com\/de\/nebenwirkungen-der-strahlentherapie-auf-die-lunge\/\" \/>\n<meta property=\"og:locale\" content=\"de_DE\" \/>\n<meta property=\"og:type\" content=\"article\" \/>\n<meta property=\"og:title\" content=\"Nebenwirkungen der Strahlentherapie der Lunge - Oncos\" \/>\n<meta property=\"og:description\" content=\"Nebenwirkungen der Strahlentherapie der Lunge: Was sie sind und wie sie behandelt werden k\u00f6nnen. Informieren Sie sich bei Oncos \u00fcber die Nebenwirkungen der Strahlentherapie der Lunge. Lesen Sie mehr.\" \/>\n<meta property=\"og:url\" content=\"https:\/\/oncos.com\/de\/nebenwirkungen-der-strahlentherapie-auf-die-lunge\/\" \/>\n<meta property=\"og:site_name\" content=\"Oncos\" \/>\n<meta property=\"article:publisher\" content=\"https:\/\/www.facebook.com\/oncoscosmetica\" \/>\n<meta property=\"article:published_time\" content=\"2023-09-29T20:24:23+00:00\" \/>\n<meta property=\"article:modified_time\" content=\"2025-05-29T07:31:13+00:00\" \/>\n<meta property=\"og:image\" content=\"https:\/\/www.oncos.com\/site\/uploads\/2023\/08\/Radioterapia-polmone-effetti-collaterali.jpg\" \/>\n\t<meta property=\"og:image:width\" content=\"1500\" \/>\n\t<meta property=\"og:image:height\" content=\"1000\" \/>\n\t<meta property=\"og:image:type\" content=\"image\/jpeg\" \/>\n<meta name=\"author\" content=\"a.khoury@addlab.it\" \/>\n<meta name=\"twitter:card\" content=\"summary_large_image\" \/>\n<meta name=\"twitter:label1\" content=\"Written by\" \/>\n\t<meta name=\"twitter:data1\" content=\"a.khoury@addlab.it\" \/>\n\t<meta name=\"twitter:label2\" content=\"Est. reading time\" \/>\n\t<meta name=\"twitter:data2\" content=\"2 minutes\" \/>\n<script type=\"application\/ld+json\" class=\"yoast-schema-graph\">{\"@context\":\"https:\/\/schema.org\",\"@graph\":[{\"@type\":\"Article\",\"@id\":\"https:\/\/oncos.com\/de\/nebenwirkungen-der-strahlentherapie-auf-die-lunge\/#article\",\"isPartOf\":{\"@id\":\"https:\/\/oncos.com\/de\/nebenwirkungen-der-strahlentherapie-auf-die-lunge\/\"},\"author\":{\"name\":\"a.khoury@addlab.it\",\"@id\":\"https:\/\/www.oncos.com\/de\/#\/schema\/person\/d9649ac4ee541335a132a4d800771d28\"},\"headline\":\"Nebenwirkungen der Strahlentherapie auf die Lunge\",\"datePublished\":\"2023-09-29T20:24:23+00:00\",\"dateModified\":\"2025-05-29T07:31:13+00:00\",\"mainEntityOfPage\":{\"@id\":\"https:\/\/oncos.com\/de\/nebenwirkungen-der-strahlentherapie-auf-die-lunge\/\"},\"wordCount\":401,\"commentCount\":0,\"publisher\":{\"@id\":\"https:\/\/www.oncos.com\/de\/#organization\"},\"keywords\":[\"Alle sehen\",\"Therapien\"],\"inLanguage\":\"de-DE\",\"potentialAction\":[{\"@type\":\"CommentAction\",\"name\":\"Comment\",\"target\":[\"https:\/\/oncos.com\/de\/nebenwirkungen-der-strahlentherapie-auf-die-lunge\/#respond\"]}]},{\"@type\":\"WebPage\",\"@id\":\"https:\/\/oncos.com\/de\/nebenwirkungen-der-strahlentherapie-auf-die-lunge\/\",\"url\":\"https:\/\/oncos.com\/de\/nebenwirkungen-der-strahlentherapie-auf-die-lunge\/\",\"name\":\"Nebenwirkungen der Strahlentherapie der Lunge - Oncos\",\"isPartOf\":{\"@id\":\"https:\/\/www.oncos.com\/de\/#website\"},\"datePublished\":\"2023-09-29T20:24:23+00:00\",\"dateModified\":\"2025-05-29T07:31:13+00:00\",\"description\":\"Nebenwirkungen der Strahlentherapie der Lunge: Was sie sind und wie sie behandelt werden k\u00f6nnen. Informieren Sie sich bei Oncos \u00fcber die Nebenwirkungen der Strahlentherapie der Lunge. Lesen Sie mehr.\",\"breadcrumb\":{\"@id\":\"https:\/\/oncos.com\/de\/nebenwirkungen-der-strahlentherapie-auf-die-lunge\/#breadcrumb\"},\"inLanguage\":\"de-DE\",\"potentialAction\":[{\"@type\":\"ReadAction\",\"target\":[\"https:\/\/oncos.com\/de\/nebenwirkungen-der-strahlentherapie-auf-die-lunge\/\"]}]},{\"@type\":\"BreadcrumbList\",\"@id\":\"https:\/\/oncos.com\/de\/nebenwirkungen-der-strahlentherapie-auf-die-lunge\/#breadcrumb\",\"itemListElement\":[{\"@type\":\"ListItem\",\"position\":1,\"name\":\"Home\",\"item\":\"https:\/\/oncos.com\/de\/\"},{\"@type\":\"ListItem\",\"position\":2,\"name\":\"Nebenwirkungen der Strahlentherapie auf die Lunge\"}]},{\"@type\":\"WebSite\",\"@id\":\"https:\/\/www.oncos.com\/de\/#website\",\"url\":\"https:\/\/www.oncos.com\/de\/\",\"name\":\"Oncos\",\"description\":\"\",\"publisher\":{\"@id\":\"https:\/\/www.oncos.com\/de\/#organization\"},\"potentialAction\":[{\"@type\":\"SearchAction\",\"target\":{\"@type\":\"EntryPoint\",\"urlTemplate\":\"https:\/\/www.oncos.com\/de\/?s={search_term_string}\"},\"query-input\":\"required name=search_term_string\"}],\"inLanguage\":\"de-DE\"},{\"@type\":\"Organization\",\"@id\":\"https:\/\/www.oncos.com\/de\/#organization\",\"name\":\"Oncos\",\"url\":\"https:\/\/www.oncos.com\/de\/\",\"logo\":{\"@type\":\"ImageObject\",\"inLanguage\":\"de-DE\",\"@id\":\"https:\/\/www.oncos.com\/de\/#\/schema\/logo\/image\/\",\"url\":\"https:\/\/oncos.com\/site\/uploads\/2023\/08\/logo.png\",\"contentUrl\":\"https:\/\/oncos.com\/site\/uploads\/2023\/08\/logo.png\",\"width\":693,\"height\":200,\"caption\":\"Oncos\"},\"image\":{\"@id\":\"https:\/\/www.oncos.com\/de\/#\/schema\/logo\/image\/\"},\"sameAs\":[\"https:\/\/www.facebook.com\/oncoscosmetica\",\"https:\/\/www.instagram.com\/oncos_cosmetici\/\"]},{\"@type\":\"Person\",\"@id\":\"https:\/\/www.oncos.com\/de\/#\/schema\/person\/d9649ac4ee541335a132a4d800771d28\",\"name\":\"a.khoury@addlab.it\",\"image\":{\"@type\":\"ImageObject\",\"inLanguage\":\"de-DE\",\"@id\":\"https:\/\/www.oncos.com\/de\/#\/schema\/person\/image\/\",\"url\":\"https:\/\/secure.gravatar.com\/avatar\/2fbb7a4ecbd6d240db01b926ab1aeda5?s=96&d=mm&r=g\",\"contentUrl\":\"https:\/\/secure.gravatar.com\/avatar\/2fbb7a4ecbd6d240db01b926ab1aeda5?s=96&d=mm&r=g\",\"caption\":\"a.khoury@addlab.it\"},\"sameAs\":[\"http:\/\/localhost\/wp-template\/wp\"],\"url\":\"https:\/\/oncos.com\/de\/author\/a-khouryaddlab-it\/\"}]}<\/script>\n<!-- \/ Yoast SEO plugin. -->","yoast_head_json":{"title":"Nebenwirkungen der Strahlentherapie der Lunge - Oncos","description":"Nebenwirkungen der Strahlentherapie der Lunge: Was sie sind und wie sie behandelt werden k\u00f6nnen. Informieren Sie sich bei Oncos \u00fcber die Nebenwirkungen der Strahlentherapie der Lunge. Lesen Sie mehr.","robots":{"index":"index","follow":"follow","max-snippet":"max-snippet:-1","max-image-preview":"max-image-preview:large","max-video-preview":"max-video-preview:-1"},"canonical":"https:\/\/oncos.com\/de\/nebenwirkungen-der-strahlentherapie-auf-die-lunge\/","og_locale":"de_DE","og_type":"article","og_title":"Nebenwirkungen der Strahlentherapie der Lunge - Oncos","og_description":"Nebenwirkungen der Strahlentherapie der Lunge: Was sie sind und wie sie behandelt werden k\u00f6nnen. Informieren Sie sich bei Oncos \u00fcber die Nebenwirkungen der Strahlentherapie der Lunge. Lesen Sie mehr.","og_url":"https:\/\/oncos.com\/de\/nebenwirkungen-der-strahlentherapie-auf-die-lunge\/","og_site_name":"Oncos","article_publisher":"https:\/\/www.facebook.com\/oncoscosmetica","article_published_time":"2023-09-29T20:24:23+00:00","article_modified_time":"2025-05-29T07:31:13+00:00","og_image":[{"width":1500,"height":1000,"url":"https:\/\/www.oncos.com\/site\/uploads\/2023\/08\/Radioterapia-polmone-effetti-collaterali.jpg","type":"image\/jpeg"}],"author":"a.khoury@addlab.it","twitter_card":"summary_large_image","twitter_misc":{"Written by":"a.khoury@addlab.it","Est. reading time":"2 minutes"},"schema":{"@context":"https:\/\/schema.org","@graph":[{"@type":"Article","@id":"https:\/\/oncos.com\/de\/nebenwirkungen-der-strahlentherapie-auf-die-lunge\/#article","isPartOf":{"@id":"https:\/\/oncos.com\/de\/nebenwirkungen-der-strahlentherapie-auf-die-lunge\/"},"author":{"name":"a.khoury@addlab.it","@id":"https:\/\/www.oncos.com\/de\/#\/schema\/person\/d9649ac4ee541335a132a4d800771d28"},"headline":"Nebenwirkungen der Strahlentherapie auf die Lunge","datePublished":"2023-09-29T20:24:23+00:00","dateModified":"2025-05-29T07:31:13+00:00","mainEntityOfPage":{"@id":"https:\/\/oncos.com\/de\/nebenwirkungen-der-strahlentherapie-auf-die-lunge\/"},"wordCount":401,"commentCount":0,"publisher":{"@id":"https:\/\/www.oncos.com\/de\/#organization"},"keywords":["Alle sehen","Therapien"],"inLanguage":"de-DE","potentialAction":[{"@type":"CommentAction","name":"Comment","target":["https:\/\/oncos.com\/de\/nebenwirkungen-der-strahlentherapie-auf-die-lunge\/#respond"]}]},{"@type":"WebPage","@id":"https:\/\/oncos.com\/de\/nebenwirkungen-der-strahlentherapie-auf-die-lunge\/","url":"https:\/\/oncos.com\/de\/nebenwirkungen-der-strahlentherapie-auf-die-lunge\/","name":"Nebenwirkungen der Strahlentherapie der Lunge - Oncos","isPartOf":{"@id":"https:\/\/www.oncos.com\/de\/#website"},"datePublished":"2023-09-29T20:24:23+00:00","dateModified":"2025-05-29T07:31:13+00:00","description":"Nebenwirkungen der Strahlentherapie der Lunge: Was sie sind und wie sie behandelt werden k\u00f6nnen. Informieren Sie sich bei Oncos \u00fcber die Nebenwirkungen der Strahlentherapie der Lunge. Lesen Sie mehr.","breadcrumb":{"@id":"https:\/\/oncos.com\/de\/nebenwirkungen-der-strahlentherapie-auf-die-lunge\/#breadcrumb"},"inLanguage":"de-DE","potentialAction":[{"@type":"ReadAction","target":["https:\/\/oncos.com\/de\/nebenwirkungen-der-strahlentherapie-auf-die-lunge\/"]}]},{"@type":"BreadcrumbList","@id":"https:\/\/oncos.com\/de\/nebenwirkungen-der-strahlentherapie-auf-die-lunge\/#breadcrumb","itemListElement":[{"@type":"ListItem","position":1,"name":"Home","item":"https:\/\/oncos.com\/de\/"},{"@type":"ListItem","position":2,"name":"Nebenwirkungen der Strahlentherapie auf die Lunge"}]},{"@type":"WebSite","@id":"https:\/\/www.oncos.com\/de\/#website","url":"https:\/\/www.oncos.com\/de\/","name":"Oncos","description":"","publisher":{"@id":"https:\/\/www.oncos.com\/de\/#organization"},"potentialAction":[{"@type":"SearchAction","target":{"@type":"EntryPoint","urlTemplate":"https:\/\/www.oncos.com\/de\/?s={search_term_string}"},"query-input":"required name=search_term_string"}],"inLanguage":"de-DE"},{"@type":"Organization","@id":"https:\/\/www.oncos.com\/de\/#organization","name":"Oncos","url":"https:\/\/www.oncos.com\/de\/","logo":{"@type":"ImageObject","inLanguage":"de-DE","@id":"https:\/\/www.oncos.com\/de\/#\/schema\/logo\/image\/","url":"https:\/\/oncos.com\/site\/uploads\/2023\/08\/logo.png","contentUrl":"https:\/\/oncos.com\/site\/uploads\/2023\/08\/logo.png","width":693,"height":200,"caption":"Oncos"},"image":{"@id":"https:\/\/www.oncos.com\/de\/#\/schema\/logo\/image\/"},"sameAs":["https:\/\/www.facebook.com\/oncoscosmetica","https:\/\/www.instagram.com\/oncos_cosmetici\/"]},{"@type":"Person","@id":"https:\/\/www.oncos.com\/de\/#\/schema\/person\/d9649ac4ee541335a132a4d800771d28","name":"a.khoury@addlab.it","image":{"@type":"ImageObject","inLanguage":"de-DE","@id":"https:\/\/www.oncos.com\/de\/#\/schema\/person\/image\/","url":"https:\/\/secure.gravatar.com\/avatar\/2fbb7a4ecbd6d240db01b926ab1aeda5?s=96&d=mm&r=g","contentUrl":"https:\/\/secure.gravatar.com\/avatar\/2fbb7a4ecbd6d240db01b926ab1aeda5?s=96&d=mm&r=g","caption":"a.khoury@addlab.it"},"sameAs":["http:\/\/localhost\/wp-template\/wp"],"url":"https:\/\/oncos.com\/de\/author\/a-khouryaddlab-it\/"}]}},"_links":{"self":[{"href":"https:\/\/oncos.com\/de\/wp-json\/wp\/v2\/posts\/34096"}],"collection":[{"href":"https:\/\/oncos.com\/de\/wp-json\/wp\/v2\/posts"}],"about":[{"href":"https:\/\/oncos.com\/de\/wp-json\/wp\/v2\/types\/post"}],"author":[{"embeddable":true,"href":"https:\/\/oncos.com\/de\/wp-json\/wp\/v2\/users\/1"}],"replies":[{"embeddable":true,"href":"https:\/\/oncos.com\/de\/wp-json\/wp\/v2\/comments?post=34096"}],"version-history":[{"count":1,"href":"https:\/\/oncos.com\/de\/wp-json\/wp\/v2\/posts\/34096\/revisions"}],"predecessor-version":[{"id":34098,"href":"https:\/\/oncos.com\/de\/wp-json\/wp\/v2\/posts\/34096\/revisions\/34098"}],"wp:featuredmedia":[{"embeddable":true,"href":"https:\/\/oncos.com\/de\/wp-json\/wp\/v2\/media\/34097"}],"wp:attachment":[{"href":"https:\/\/oncos.com\/de\/wp-json\/wp\/v2\/media?parent=34096"}],"wp:term":[{"taxonomy":"post_tag","embeddable":true,"href":"https:\/\/oncos.com\/de\/wp-json\/wp\/v2\/tags?post=34096"}],"curies":[{"name":"wp","href":"https:\/\/api.w.org\/{rel}","templated":true}]}}