{"id":34111,"date":"2023-09-28T13:32:12","date_gmt":"2023-09-28T13:32:12","guid":{"rendered":"https:\/\/oncos.com\/gesichtscreme-wahrend-der-chemotherapie-welche-creme-ist-die-richtige\/"},"modified":"2023-09-28T13:32:12","modified_gmt":"2023-09-28T13:32:12","slug":"gesichtscreme-wahrend-der-chemotherapie-welche-creme-ist-die-richtige","status":"publish","type":"post","link":"https:\/\/oncos.com\/de\/gesichtscreme-wahrend-der-chemotherapie-welche-creme-ist-die-richtige\/","title":{"rendered":"Gesichtscreme w\u00e4hrend der Chemotherapie: Welche Creme ist die richtige?"},"content":{"rendered":"<h2><strong>Gesichtscreme w\u00e4hrend der Chemotherapie: Welche Creme w\u00e4hlen?<\/strong><\/h2>\n<p>Wir gehen Schritt f\u00fcr Schritt vor und erkl\u00e4ren, was eine Chemotherapie ist und welchen Einfluss sie auf die Haut haben kann. Dann schlagen wir vor, welche Gesichtscreme Sie w\u00e4hrend der Chemotherapie verwenden sollten. <\/p>\n<p>Wie wir alle wissen, besteht die Chemotherapie aus der Verabreichung einer oder mehrerer Substanzen, die die sich am schnellsten vermehrenden Zellen angreifen und verlangsamen. Insbesondere Krebszellen, w\u00e4hrend des Replikationsprozesses. Das Ziel der Chemotherapie ist es also, sie zu eliminieren.  <\/p>\n<p>Die Hautpflege ist vor, nach und w\u00e4hrend der Behandlung sehr wichtig. In der Tat ist es gut, sich anzugew\u00f6hnen, das Gesicht und auch den Rest des K\u00f6rpers immer einzucremen. Die Behandlung der Haut vor, w\u00e4hrend und nach Krebstherapien ist unerl\u00e4sslich, um das Erscheinungsbild der Haut sichtbar zu verbessern und ihr Linderung zu verschaffen. Auf unserer Website finden Sie spezielle Produkte f\u00fcr Krebspatienten.   <\/p>\n<p>&nbsp;<\/p>\n<h2>Warum ist es wichtig, w\u00e4hrend der Chemotherapie eine Gesichtscreme aufzutragen?<\/h2>\n<p>Das Auftragen einer Creme auf das Gesicht w\u00e4hrend der Behandlung ist wichtig, da die Nebenwirkungen vielf\u00e4ltig und manchmal invasiv sein k\u00f6nnen. Die Hautver\u00e4nderungen ver\u00e4ndern die nat\u00fcrliche Struktur der Haut und k\u00f6nnen sich in Form von Flecken, Juckreiz, R\u00f6tungen, Schuppenbildung usw. \u00e4u\u00dfern.<br \/>\nWir empfehlen immer, w\u00e4hrend der Chemotherapie eine kosmetische Behandlung durchzuf\u00fchren. Eine gute Hautpflegeroutine kann helfen, unerw\u00fcnschte Auswirkungen der Krebsbehandlung auf die Haut einzud\u00e4mmen und zu verhindern.  <\/p>\n<p>&nbsp;<\/p>\n<h2>Gesichtscreme w\u00e4hrend der Chemotherapie und danach<\/h2>\n<p>Es ist sehr wichtig, w\u00e4hrend der Chemotherapie Sch\u00f6nheitsgewohnheiten zu haben. Einfache Schritte m\u00fcssen befolgt werden: Reinigen, beruhigen und sch\u00fctzen. <\/p>\n<p>W\u00e4hrend der Chemotherapie muss das Gesicht mit sanften Produkten gut gereinigt werden. Anschlie\u00dfend muss immer sofort eine Creme aufgetragen werden, um die Haut zu beruhigen und zu sch\u00fctzen. Es ist sehr wichtig, die Haut mit Feuchtigkeit zu versorgen, um <a href=\"\/chemioterapia-e-pelle-secca-rimedi-e-consigli\/\">Schuppenbildung<\/a> und R\u00f6tungen zu vermeiden. Die Gesichtscreme w\u00e4hrend der Chemotherapie muss eine erweichende Wirkung haben und sorgf\u00e4ltig ausgew\u00e4hlt werden. Ziel des Eincremens des Gesichts ist es, Reizungen und Austrocknung zu verringern.   <\/p>\n<p>&nbsp;<\/p>\n<h2>Oncos Gesichtscreme auch f\u00fcr Krebspatienten geeignet<\/h2>\n<p>Als Creme zum Auftragen w\u00e4hrend der Behandlung empfehlen wir unsere <a href=\"\/prodotti\/crema-viso-idratante\/\">Gesichtscreme<\/a>: Sie<strong> spendet Feuchtigkeit, sch\u00fctzt, beruhigt<\/strong> und verbessert den allgemeinen Zustand der Gesichtshaut.<\/p>\n<p>Sie ist f\u00fcr die t\u00e4gliche Anwendung geeignet. Sie enth\u00e4lt Sheabutter und Jojoba\u00f6l, die beide n\u00e4hrende, lindernde und sch\u00fctzende Eigenschaften haben. Der nat\u00fcrliche Wirkstoff aus Sichuanpfeffer hingegen bek\u00e4mpft den Juckreiz und wirkt stark lindernd und beruhigend. Die Gesichtscreme von Oncos ist mit einem Feuchtigkeitsfaktor angereichert, der die Erhaltung des nat\u00fcrlichen Hydrolipidmantels der Haut (NMF) garantiert, sowie mit einem Feigenkaktus-Extrakt, der eine intensive und lang anhaltende Feuchtigkeitszufuhr gew\u00e4hrleistet. Sie k\u00f6nnen sich an die Experten von Oncos wenden, um weitere Informationen zu erhalten. Konsultieren Sie immer auch Ihren Arzt.     <\/p>\n","protected":false},"excerpt":{"rendered":"<p>Wir gehen Schritt f\u00fcr Schritt vor und erkl\u00e4ren, was eine Chemotherapie ist und welchen Einfluss sie auf die Haut haben kann. Dann schlagen wir vor, welche Gesichtscreme Sie w\u00e4hrend der Chemotherapie verwenden sollten. <\/p>\n","protected":false},"author":1,"featured_media":34112,"comment_status":"open","ping_status":"open","sticky":false,"template":"","format":"standard","meta":{"footnotes":""},"tags":[324],"acf":[],"yoast_head":"<!-- This site is optimized with the Yoast SEO plugin v21.3 - https:\/\/yoast.com\/wordpress\/plugins\/seo\/ -->\n<title>Gesichtscreme w\u00e4hrend der Chemotherapie - Oncos<\/title>\n<meta name=\"description\" content=\"Gesichtscreme w\u00e4hrend der Chemotherapie die Ratschl\u00e4ge der Oncos-Experten zur Auswahl der richtigen Creme. Pflegen Sie Ihre Haut mit Oncos.\" \/>\n<meta name=\"robots\" content=\"index, follow, max-snippet:-1, max-image-preview:large, max-video-preview:-1\" \/>\n<link rel=\"canonical\" href=\"https:\/\/oncos.com\/de\/gesichtscreme-wahrend-der-chemotherapie-welche-creme-ist-die-richtige\/\" \/>\n<meta property=\"og:locale\" content=\"de_DE\" \/>\n<meta property=\"og:type\" content=\"article\" \/>\n<meta property=\"og:title\" content=\"Gesichtscreme w\u00e4hrend der Chemotherapie - Oncos\" \/>\n<meta property=\"og:description\" content=\"Gesichtscreme w\u00e4hrend der Chemotherapie die Ratschl\u00e4ge der Oncos-Experten zur Auswahl der richtigen Creme. Pflegen Sie Ihre Haut mit Oncos.\" \/>\n<meta property=\"og:url\" content=\"https:\/\/oncos.com\/de\/gesichtscreme-wahrend-der-chemotherapie-welche-creme-ist-die-richtige\/\" \/>\n<meta property=\"og:site_name\" content=\"Oncos\" \/>\n<meta property=\"article:publisher\" content=\"https:\/\/www.facebook.com\/oncoscosmetica\" \/>\n<meta property=\"article:published_time\" content=\"2023-09-28T13:32:12+00:00\" \/>\n<meta property=\"og:image\" content=\"https:\/\/oncos.com\/site\/uploads\/2023\/09\/Crema-per-viso-durante-la-chemioterapia.jpg\" \/>\n\t<meta property=\"og:image:width\" content=\"1500\" \/>\n\t<meta property=\"og:image:height\" content=\"1000\" \/>\n\t<meta property=\"og:image:type\" content=\"image\/jpeg\" \/>\n<meta name=\"author\" content=\"a.khoury@addlab.it\" \/>\n<meta name=\"twitter:card\" content=\"summary_large_image\" \/>\n<meta name=\"twitter:label1\" content=\"Written by\" \/>\n\t<meta name=\"twitter:data1\" content=\"a.khoury@addlab.it\" \/>\n\t<meta name=\"twitter:label2\" content=\"Est. reading time\" \/>\n\t<meta name=\"twitter:data2\" content=\"2 minutes\" \/>\n<script type=\"application\/ld+json\" class=\"yoast-schema-graph\">{\"@context\":\"https:\/\/schema.org\",\"@graph\":[{\"@type\":\"Article\",\"@id\":\"https:\/\/oncos.com\/de\/gesichtscreme-wahrend-der-chemotherapie-welche-creme-ist-die-richtige\/#article\",\"isPartOf\":{\"@id\":\"https:\/\/oncos.com\/de\/gesichtscreme-wahrend-der-chemotherapie-welche-creme-ist-die-richtige\/\"},\"author\":{\"name\":\"a.khoury@addlab.it\",\"@id\":\"https:\/\/www.oncos.com\/de\/#\/schema\/person\/d9649ac4ee541335a132a4d800771d28\"},\"headline\":\"Gesichtscreme w\u00e4hrend der Chemotherapie: Welche Creme ist die richtige?\",\"datePublished\":\"2023-09-28T13:32:12+00:00\",\"dateModified\":\"2023-09-28T13:32:12+00:00\",\"mainEntityOfPage\":{\"@id\":\"https:\/\/oncos.com\/de\/gesichtscreme-wahrend-der-chemotherapie-welche-creme-ist-die-richtige\/\"},\"wordCount\":493,\"commentCount\":0,\"publisher\":{\"@id\":\"https:\/\/www.oncos.com\/de\/#organization\"},\"keywords\":[\"Alle sehen\"],\"inLanguage\":\"de-DE\",\"potentialAction\":[{\"@type\":\"CommentAction\",\"name\":\"Comment\",\"target\":[\"https:\/\/oncos.com\/de\/gesichtscreme-wahrend-der-chemotherapie-welche-creme-ist-die-richtige\/#respond\"]}]},{\"@type\":\"WebPage\",\"@id\":\"https:\/\/oncos.com\/de\/gesichtscreme-wahrend-der-chemotherapie-welche-creme-ist-die-richtige\/\",\"url\":\"https:\/\/oncos.com\/de\/gesichtscreme-wahrend-der-chemotherapie-welche-creme-ist-die-richtige\/\",\"name\":\"Gesichtscreme w\u00e4hrend der Chemotherapie - Oncos\",\"isPartOf\":{\"@id\":\"https:\/\/www.oncos.com\/de\/#website\"},\"datePublished\":\"2023-09-28T13:32:12+00:00\",\"dateModified\":\"2023-09-28T13:32:12+00:00\",\"description\":\"Gesichtscreme w\u00e4hrend der Chemotherapie die Ratschl\u00e4ge der Oncos-Experten zur Auswahl der richtigen Creme. Pflegen Sie Ihre Haut mit Oncos.\",\"breadcrumb\":{\"@id\":\"https:\/\/oncos.com\/de\/gesichtscreme-wahrend-der-chemotherapie-welche-creme-ist-die-richtige\/#breadcrumb\"},\"inLanguage\":\"de-DE\",\"potentialAction\":[{\"@type\":\"ReadAction\",\"target\":[\"https:\/\/oncos.com\/de\/gesichtscreme-wahrend-der-chemotherapie-welche-creme-ist-die-richtige\/\"]}]},{\"@type\":\"BreadcrumbList\",\"@id\":\"https:\/\/oncos.com\/de\/gesichtscreme-wahrend-der-chemotherapie-welche-creme-ist-die-richtige\/#breadcrumb\",\"itemListElement\":[{\"@type\":\"ListItem\",\"position\":1,\"name\":\"Home\",\"item\":\"https:\/\/oncos.com\/de\/\"},{\"@type\":\"ListItem\",\"position\":2,\"name\":\"Gesichtscreme w\u00e4hrend der Chemotherapie: Welche Creme ist die richtige?\"}]},{\"@type\":\"WebSite\",\"@id\":\"https:\/\/www.oncos.com\/de\/#website\",\"url\":\"https:\/\/www.oncos.com\/de\/\",\"name\":\"Oncos\",\"description\":\"\",\"publisher\":{\"@id\":\"https:\/\/www.oncos.com\/de\/#organization\"},\"potentialAction\":[{\"@type\":\"SearchAction\",\"target\":{\"@type\":\"EntryPoint\",\"urlTemplate\":\"https:\/\/www.oncos.com\/de\/?s={search_term_string}\"},\"query-input\":\"required name=search_term_string\"}],\"inLanguage\":\"de-DE\"},{\"@type\":\"Organization\",\"@id\":\"https:\/\/www.oncos.com\/de\/#organization\",\"name\":\"Oncos\",\"url\":\"https:\/\/www.oncos.com\/de\/\",\"logo\":{\"@type\":\"ImageObject\",\"inLanguage\":\"de-DE\",\"@id\":\"https:\/\/www.oncos.com\/de\/#\/schema\/logo\/image\/\",\"url\":\"https:\/\/oncos.com\/site\/uploads\/2023\/08\/logo.png\",\"contentUrl\":\"https:\/\/oncos.com\/site\/uploads\/2023\/08\/logo.png\",\"width\":693,\"height\":200,\"caption\":\"Oncos\"},\"image\":{\"@id\":\"https:\/\/www.oncos.com\/de\/#\/schema\/logo\/image\/\"},\"sameAs\":[\"https:\/\/www.facebook.com\/oncoscosmetica\",\"https:\/\/www.instagram.com\/oncos_cosmetici\/\"]},{\"@type\":\"Person\",\"@id\":\"https:\/\/www.oncos.com\/de\/#\/schema\/person\/d9649ac4ee541335a132a4d800771d28\",\"name\":\"a.khoury@addlab.it\",\"image\":{\"@type\":\"ImageObject\",\"inLanguage\":\"de-DE\",\"@id\":\"https:\/\/www.oncos.com\/de\/#\/schema\/person\/image\/\",\"url\":\"https:\/\/secure.gravatar.com\/avatar\/2fbb7a4ecbd6d240db01b926ab1aeda5?s=96&d=mm&r=g\",\"contentUrl\":\"https:\/\/secure.gravatar.com\/avatar\/2fbb7a4ecbd6d240db01b926ab1aeda5?s=96&d=mm&r=g\",\"caption\":\"a.khoury@addlab.it\"},\"sameAs\":[\"http:\/\/localhost\/wp-template\/wp\"],\"url\":\"https:\/\/oncos.com\/de\/author\/a-khouryaddlab-it\/\"}]}<\/script>\n<!-- \/ Yoast SEO plugin. -->","yoast_head_json":{"title":"Gesichtscreme w\u00e4hrend der Chemotherapie - Oncos","description":"Gesichtscreme w\u00e4hrend der Chemotherapie die Ratschl\u00e4ge der Oncos-Experten zur Auswahl der richtigen Creme. Pflegen Sie Ihre Haut mit Oncos.","robots":{"index":"index","follow":"follow","max-snippet":"max-snippet:-1","max-image-preview":"max-image-preview:large","max-video-preview":"max-video-preview:-1"},"canonical":"https:\/\/oncos.com\/de\/gesichtscreme-wahrend-der-chemotherapie-welche-creme-ist-die-richtige\/","og_locale":"de_DE","og_type":"article","og_title":"Gesichtscreme w\u00e4hrend der Chemotherapie - Oncos","og_description":"Gesichtscreme w\u00e4hrend der Chemotherapie die Ratschl\u00e4ge der Oncos-Experten zur Auswahl der richtigen Creme. Pflegen Sie Ihre Haut mit Oncos.","og_url":"https:\/\/oncos.com\/de\/gesichtscreme-wahrend-der-chemotherapie-welche-creme-ist-die-richtige\/","og_site_name":"Oncos","article_publisher":"https:\/\/www.facebook.com\/oncoscosmetica","article_published_time":"2023-09-28T13:32:12+00:00","og_image":[{"width":1500,"height":1000,"url":"https:\/\/oncos.com\/site\/uploads\/2023\/09\/Crema-per-viso-durante-la-chemioterapia.jpg","type":"image\/jpeg"}],"author":"a.khoury@addlab.it","twitter_card":"summary_large_image","twitter_misc":{"Written by":"a.khoury@addlab.it","Est. reading time":"2 minutes"},"schema":{"@context":"https:\/\/schema.org","@graph":[{"@type":"Article","@id":"https:\/\/oncos.com\/de\/gesichtscreme-wahrend-der-chemotherapie-welche-creme-ist-die-richtige\/#article","isPartOf":{"@id":"https:\/\/oncos.com\/de\/gesichtscreme-wahrend-der-chemotherapie-welche-creme-ist-die-richtige\/"},"author":{"name":"a.khoury@addlab.it","@id":"https:\/\/www.oncos.com\/de\/#\/schema\/person\/d9649ac4ee541335a132a4d800771d28"},"headline":"Gesichtscreme w\u00e4hrend der Chemotherapie: Welche Creme ist die richtige?","datePublished":"2023-09-28T13:32:12+00:00","dateModified":"2023-09-28T13:32:12+00:00","mainEntityOfPage":{"@id":"https:\/\/oncos.com\/de\/gesichtscreme-wahrend-der-chemotherapie-welche-creme-ist-die-richtige\/"},"wordCount":493,"commentCount":0,"publisher":{"@id":"https:\/\/www.oncos.com\/de\/#organization"},"keywords":["Alle sehen"],"inLanguage":"de-DE","potentialAction":[{"@type":"CommentAction","name":"Comment","target":["https:\/\/oncos.com\/de\/gesichtscreme-wahrend-der-chemotherapie-welche-creme-ist-die-richtige\/#respond"]}]},{"@type":"WebPage","@id":"https:\/\/oncos.com\/de\/gesichtscreme-wahrend-der-chemotherapie-welche-creme-ist-die-richtige\/","url":"https:\/\/oncos.com\/de\/gesichtscreme-wahrend-der-chemotherapie-welche-creme-ist-die-richtige\/","name":"Gesichtscreme w\u00e4hrend der Chemotherapie - Oncos","isPartOf":{"@id":"https:\/\/www.oncos.com\/de\/#website"},"datePublished":"2023-09-28T13:32:12+00:00","dateModified":"2023-09-28T13:32:12+00:00","description":"Gesichtscreme w\u00e4hrend der Chemotherapie die Ratschl\u00e4ge der Oncos-Experten zur Auswahl der richtigen Creme. Pflegen Sie Ihre Haut mit Oncos.","breadcrumb":{"@id":"https:\/\/oncos.com\/de\/gesichtscreme-wahrend-der-chemotherapie-welche-creme-ist-die-richtige\/#breadcrumb"},"inLanguage":"de-DE","potentialAction":[{"@type":"ReadAction","target":["https:\/\/oncos.com\/de\/gesichtscreme-wahrend-der-chemotherapie-welche-creme-ist-die-richtige\/"]}]},{"@type":"BreadcrumbList","@id":"https:\/\/oncos.com\/de\/gesichtscreme-wahrend-der-chemotherapie-welche-creme-ist-die-richtige\/#breadcrumb","itemListElement":[{"@type":"ListItem","position":1,"name":"Home","item":"https:\/\/oncos.com\/de\/"},{"@type":"ListItem","position":2,"name":"Gesichtscreme w\u00e4hrend der Chemotherapie: Welche Creme ist die richtige?"}]},{"@type":"WebSite","@id":"https:\/\/www.oncos.com\/de\/#website","url":"https:\/\/www.oncos.com\/de\/","name":"Oncos","description":"","publisher":{"@id":"https:\/\/www.oncos.com\/de\/#organization"},"potentialAction":[{"@type":"SearchAction","target":{"@type":"EntryPoint","urlTemplate":"https:\/\/www.oncos.com\/de\/?s={search_term_string}"},"query-input":"required name=search_term_string"}],"inLanguage":"de-DE"},{"@type":"Organization","@id":"https:\/\/www.oncos.com\/de\/#organization","name":"Oncos","url":"https:\/\/www.oncos.com\/de\/","logo":{"@type":"ImageObject","inLanguage":"de-DE","@id":"https:\/\/www.oncos.com\/de\/#\/schema\/logo\/image\/","url":"https:\/\/oncos.com\/site\/uploads\/2023\/08\/logo.png","contentUrl":"https:\/\/oncos.com\/site\/uploads\/2023\/08\/logo.png","width":693,"height":200,"caption":"Oncos"},"image":{"@id":"https:\/\/www.oncos.com\/de\/#\/schema\/logo\/image\/"},"sameAs":["https:\/\/www.facebook.com\/oncoscosmetica","https:\/\/www.instagram.com\/oncos_cosmetici\/"]},{"@type":"Person","@id":"https:\/\/www.oncos.com\/de\/#\/schema\/person\/d9649ac4ee541335a132a4d800771d28","name":"a.khoury@addlab.it","image":{"@type":"ImageObject","inLanguage":"de-DE","@id":"https:\/\/www.oncos.com\/de\/#\/schema\/person\/image\/","url":"https:\/\/secure.gravatar.com\/avatar\/2fbb7a4ecbd6d240db01b926ab1aeda5?s=96&d=mm&r=g","contentUrl":"https:\/\/secure.gravatar.com\/avatar\/2fbb7a4ecbd6d240db01b926ab1aeda5?s=96&d=mm&r=g","caption":"a.khoury@addlab.it"},"sameAs":["http:\/\/localhost\/wp-template\/wp"],"url":"https:\/\/oncos.com\/de\/author\/a-khouryaddlab-it\/"}]}},"_links":{"self":[{"href":"https:\/\/oncos.com\/de\/wp-json\/wp\/v2\/posts\/34111"}],"collection":[{"href":"https:\/\/oncos.com\/de\/wp-json\/wp\/v2\/posts"}],"about":[{"href":"https:\/\/oncos.com\/de\/wp-json\/wp\/v2\/types\/post"}],"author":[{"embeddable":true,"href":"https:\/\/oncos.com\/de\/wp-json\/wp\/v2\/users\/1"}],"replies":[{"embeddable":true,"href":"https:\/\/oncos.com\/de\/wp-json\/wp\/v2\/comments?post=34111"}],"version-history":[{"count":0,"href":"https:\/\/oncos.com\/de\/wp-json\/wp\/v2\/posts\/34111\/revisions"}],"wp:featuredmedia":[{"embeddable":true,"href":"https:\/\/oncos.com\/de\/wp-json\/wp\/v2\/media\/34112"}],"wp:attachment":[{"href":"https:\/\/oncos.com\/de\/wp-json\/wp\/v2\/media?parent=34111"}],"wp:term":[{"taxonomy":"post_tag","embeddable":true,"href":"https:\/\/oncos.com\/de\/wp-json\/wp\/v2\/tags?post=34111"}],"curies":[{"name":"wp","href":"https:\/\/api.w.org\/{rel}","templated":true}]}}