{"id":34129,"date":"2023-09-12T14:34:59","date_gmt":"2023-09-12T14:34:59","guid":{"rendered":"https:\/\/oncos.com\/gesichtscreme-wahrend-der-chemotherapie\/"},"modified":"2023-09-12T14:34:59","modified_gmt":"2023-09-12T14:34:59","slug":"gesichtscreme-wahrend-der-chemotherapie","status":"publish","type":"post","link":"https:\/\/oncos.com\/de\/gesichtscreme-wahrend-der-chemotherapie\/","title":{"rendered":"Gesichtscreme w\u00e4hrend der Chemotherapie"},"content":{"rendered":"<p>Gesichtscreme w\u00e4hrend der Chemotherapie: Welche Creme w\u00e4hlen?<\/p>\n<p>Aber lassen Sie uns Schritt f\u00fcr Schritt gehen, um zu verstehen, was eine Chemotherapie ist und welchen Einfluss sie auf die Haut haben kann. Wie wir wissen, besteht eine <b>Chemotherapie<\/b> aus der Verabreichung einer oder mehrerer Substanzen, die in der Lage sind, die sich am schnellsten vermehrenden Zellen anzugreifen und zu verlangsamen. Insbesondere Krebszellen, w\u00e4hrend des Replikationsprozesses. Das Ziel der Chemotherapie ist es also, sie zu eliminieren.   <\/p>\n<p>Die <b>Hautpflege<\/b> ist sowohl w\u00e4hrend der Behandlung als auch davor und danach sehr wichtig. Daher sollten Sie es sich zur Gewohnheit machen, nicht nur das Gesicht, sondern auch den Rest des K\u00f6rpers einzucremen.<\/p>\n<h2>Warum ist es wichtig, w\u00e4hrend der Chemotherapie eine Gesichtscreme aufzutragen?<\/h2>\n<p>Das Eincremen des Gesichts w\u00e4hrend einer Krebstherapie ist wichtig, da die Nebenwirkungen vielf\u00e4ltig und manchmal invasiv sein k\u00f6nnen. Hautver\u00e4nderungen ver\u00e4ndern die nat\u00fcrliche Struktur der Haut und diese k\u00f6nnen sich in Form von Flecken, Juckreiz, R\u00f6tungen, Schuppenbildung usw. \u00e4u\u00dfern. <\/p>\n<p>Wir empfehlen immer, w\u00e4hrend einer Chemotherapie kosmetische Behandlungen durchzuf\u00fchren. Eine gute Hautpflegeroutine kann helfen, unerw\u00fcnschte Auswirkungen der Krebsbehandlung auf die Haut einzud\u00e4mmen und zu verhindern. <\/p>\n<h2>Gesichtscreme w\u00e4hrend der Therapien und dar\u00fcber hinaus<\/h2>\n<p>Es ist sehr wichtig, w\u00e4hrend der Chemotherapie Sch\u00f6nheitsgewohnheiten zu haben. Einfache Schritte m\u00fcssen befolgt werden: Reinigen, beruhigen und sch\u00fctzen. <\/p>\n<p>W\u00e4hrend der Chemotherapie muss das Gesicht mit sanften Produkten gut gereinigt werden. Tragen Sie unmittelbar danach immer eine Gesichtscreme auf, um die Haut zu beruhigen und zu sch\u00fctzen. Es ist sehr wichtig, die Haut mit Feuchtigkeit zu versorgen, um <a href=\"\/chemioterapia-e-pelle-secca-rimedi-e-consigli\/\">Schuppenbildung<\/a> und R\u00f6tungen zu vermeiden. Die Gesichtscreme w\u00e4hrend der Chemotherapie sollte eine erweichende Wirkung haben und sorgf\u00e4ltig ausgew\u00e4hlt werden. Ziel des Eincremens des Gesichts ist es, Reizungen und Austrocknung zu verringern.    <\/p>\n<h2>Oncos Gesichtscreme<\/h2>\n<p>Als Gesichtscreme f\u00fcr die Chemotherapie empfehlen wir unsere <a href=\"\/prodotti\/crema-viso-idratante\/\">Gesichtscreme<\/a>: Sie <strong>spendet Feuchtigkeit, sch\u00fctzt, beruhigt und verbessert den allgemeinen Zustand der Gesichtshaut<\/strong>.<\/p>\n<p>Sie ist f\u00fcr die t\u00e4gliche Anwendung geeignet. Sie enth\u00e4lt Sheabutter und Jojoba\u00f6l, die beide n\u00e4hrende, lindernde und sch\u00fctzende Eigenschaften haben. Der nat\u00fcrliche Wirkstoff aus Sichuanpfeffer hingegen bek\u00e4mpft den Juckreiz und wirkt stark lindernd und beruhigend. Die Oncos Gesichtscreme ist mit einem Feuchtigkeitsfaktor angereichert, der die Erhaltung des nat\u00fcrlichen Hydrolipidmantels der Haut (NMF) garantiert, sowie mit einem Feigenkaktus-Extrakt, der eine intensive und lang anhaltende Feuchtigkeitszufuhr gew\u00e4hrleistet.   <\/p>\n","protected":false},"excerpt":{"rendered":"<p>Gesichtscreme w\u00e4hrend der Chemotherapie: Welche Creme w\u00e4hlen? Gehen wir Schritt f\u00fcr Schritt vor, um zu verstehen, was eine Chemotherapie ist und welchen Einfluss sie haben kann.  <\/p>\n","protected":false},"author":1,"featured_media":34130,"comment_status":"open","ping_status":"open","sticky":false,"template":"","format":"standard","meta":{"footnotes":""},"tags":[324],"acf":[],"yoast_head":"<!-- This site is optimized with the Yoast SEO plugin v21.3 - https:\/\/yoast.com\/wordpress\/plugins\/seo\/ -->\n<title>Gesichtscreme w\u00e4hrend der Chemotherapie: Welche ist die richtige - Oncos<\/title>\n<meta name=\"description\" content=\"Gesichtscreme w\u00e4hrend der Chemotherapie: Die Haut steht w\u00e4hrend der Behandlung unter gro\u00dfem Stress, daher ist es wichtig, die richtige Oncos-Creme zu w\u00e4hlen.\" \/>\n<meta name=\"robots\" content=\"index, follow, max-snippet:-1, max-image-preview:large, max-video-preview:-1\" \/>\n<link rel=\"canonical\" href=\"https:\/\/oncos.com\/de\/gesichtscreme-wahrend-der-chemotherapie\/\" \/>\n<meta property=\"og:locale\" content=\"de_DE\" \/>\n<meta property=\"og:type\" content=\"article\" \/>\n<meta property=\"og:title\" content=\"Gesichtscreme w\u00e4hrend der Chemotherapie: Welche ist die richtige - Oncos\" \/>\n<meta property=\"og:description\" content=\"Gesichtscreme w\u00e4hrend der Chemotherapie: Die Haut steht w\u00e4hrend der Behandlung unter gro\u00dfem Stress, daher ist es wichtig, die richtige Oncos-Creme zu w\u00e4hlen.\" \/>\n<meta property=\"og:url\" content=\"https:\/\/oncos.com\/de\/gesichtscreme-wahrend-der-chemotherapie\/\" \/>\n<meta property=\"og:site_name\" content=\"Oncos\" \/>\n<meta property=\"article:publisher\" content=\"https:\/\/www.facebook.com\/oncoscosmetica\" \/>\n<meta property=\"article:published_time\" content=\"2023-09-12T14:34:59+00:00\" \/>\n<meta property=\"og:image\" content=\"https:\/\/oncos.com\/site\/uploads\/2023\/09\/Crema-per-viso-durante-la-chemioterapia-copia.jpg\" \/>\n\t<meta property=\"og:image:width\" content=\"1500\" \/>\n\t<meta property=\"og:image:height\" content=\"1000\" \/>\n\t<meta property=\"og:image:type\" content=\"image\/jpeg\" \/>\n<meta name=\"author\" content=\"a.khoury@addlab.it\" \/>\n<meta name=\"twitter:card\" content=\"summary_large_image\" \/>\n<meta name=\"twitter:label1\" content=\"Written by\" \/>\n\t<meta name=\"twitter:data1\" content=\"a.khoury@addlab.it\" \/>\n\t<meta name=\"twitter:label2\" content=\"Est. reading time\" \/>\n\t<meta name=\"twitter:data2\" content=\"2 minutes\" \/>\n<script type=\"application\/ld+json\" class=\"yoast-schema-graph\">{\"@context\":\"https:\/\/schema.org\",\"@graph\":[{\"@type\":\"Article\",\"@id\":\"https:\/\/oncos.com\/de\/gesichtscreme-wahrend-der-chemotherapie\/#article\",\"isPartOf\":{\"@id\":\"https:\/\/oncos.com\/de\/gesichtscreme-wahrend-der-chemotherapie\/\"},\"author\":{\"name\":\"a.khoury@addlab.it\",\"@id\":\"https:\/\/www.oncos.com\/de\/#\/schema\/person\/d9649ac4ee541335a132a4d800771d28\"},\"headline\":\"Gesichtscreme w\u00e4hrend der Chemotherapie\",\"datePublished\":\"2023-09-12T14:34:59+00:00\",\"dateModified\":\"2023-09-12T14:34:59+00:00\",\"mainEntityOfPage\":{\"@id\":\"https:\/\/oncos.com\/de\/gesichtscreme-wahrend-der-chemotherapie\/\"},\"wordCount\":413,\"commentCount\":0,\"publisher\":{\"@id\":\"https:\/\/www.oncos.com\/de\/#organization\"},\"keywords\":[\"Alle sehen\"],\"inLanguage\":\"de-DE\",\"potentialAction\":[{\"@type\":\"CommentAction\",\"name\":\"Comment\",\"target\":[\"https:\/\/oncos.com\/de\/gesichtscreme-wahrend-der-chemotherapie\/#respond\"]}]},{\"@type\":\"WebPage\",\"@id\":\"https:\/\/oncos.com\/de\/gesichtscreme-wahrend-der-chemotherapie\/\",\"url\":\"https:\/\/oncos.com\/de\/gesichtscreme-wahrend-der-chemotherapie\/\",\"name\":\"Gesichtscreme w\u00e4hrend der Chemotherapie: Welche ist die richtige - Oncos\",\"isPartOf\":{\"@id\":\"https:\/\/www.oncos.com\/de\/#website\"},\"datePublished\":\"2023-09-12T14:34:59+00:00\",\"dateModified\":\"2023-09-12T14:34:59+00:00\",\"description\":\"Gesichtscreme w\u00e4hrend der Chemotherapie: Die Haut steht w\u00e4hrend der Behandlung unter gro\u00dfem Stress, daher ist es wichtig, die richtige Oncos-Creme zu w\u00e4hlen.\",\"breadcrumb\":{\"@id\":\"https:\/\/oncos.com\/de\/gesichtscreme-wahrend-der-chemotherapie\/#breadcrumb\"},\"inLanguage\":\"de-DE\",\"potentialAction\":[{\"@type\":\"ReadAction\",\"target\":[\"https:\/\/oncos.com\/de\/gesichtscreme-wahrend-der-chemotherapie\/\"]}]},{\"@type\":\"BreadcrumbList\",\"@id\":\"https:\/\/oncos.com\/de\/gesichtscreme-wahrend-der-chemotherapie\/#breadcrumb\",\"itemListElement\":[{\"@type\":\"ListItem\",\"position\":1,\"name\":\"Home\",\"item\":\"https:\/\/oncos.com\/de\/\"},{\"@type\":\"ListItem\",\"position\":2,\"name\":\"Gesichtscreme w\u00e4hrend der Chemotherapie\"}]},{\"@type\":\"WebSite\",\"@id\":\"https:\/\/www.oncos.com\/de\/#website\",\"url\":\"https:\/\/www.oncos.com\/de\/\",\"name\":\"Oncos\",\"description\":\"\",\"publisher\":{\"@id\":\"https:\/\/www.oncos.com\/de\/#organization\"},\"potentialAction\":[{\"@type\":\"SearchAction\",\"target\":{\"@type\":\"EntryPoint\",\"urlTemplate\":\"https:\/\/www.oncos.com\/de\/?s={search_term_string}\"},\"query-input\":\"required name=search_term_string\"}],\"inLanguage\":\"de-DE\"},{\"@type\":\"Organization\",\"@id\":\"https:\/\/www.oncos.com\/de\/#organization\",\"name\":\"Oncos\",\"url\":\"https:\/\/www.oncos.com\/de\/\",\"logo\":{\"@type\":\"ImageObject\",\"inLanguage\":\"de-DE\",\"@id\":\"https:\/\/www.oncos.com\/de\/#\/schema\/logo\/image\/\",\"url\":\"https:\/\/oncos.com\/site\/uploads\/2023\/08\/logo.png\",\"contentUrl\":\"https:\/\/oncos.com\/site\/uploads\/2023\/08\/logo.png\",\"width\":693,\"height\":200,\"caption\":\"Oncos\"},\"image\":{\"@id\":\"https:\/\/www.oncos.com\/de\/#\/schema\/logo\/image\/\"},\"sameAs\":[\"https:\/\/www.facebook.com\/oncoscosmetica\",\"https:\/\/www.instagram.com\/oncos_cosmetici\/\"]},{\"@type\":\"Person\",\"@id\":\"https:\/\/www.oncos.com\/de\/#\/schema\/person\/d9649ac4ee541335a132a4d800771d28\",\"name\":\"a.khoury@addlab.it\",\"image\":{\"@type\":\"ImageObject\",\"inLanguage\":\"de-DE\",\"@id\":\"https:\/\/www.oncos.com\/de\/#\/schema\/person\/image\/\",\"url\":\"https:\/\/secure.gravatar.com\/avatar\/2fbb7a4ecbd6d240db01b926ab1aeda5?s=96&d=mm&r=g\",\"contentUrl\":\"https:\/\/secure.gravatar.com\/avatar\/2fbb7a4ecbd6d240db01b926ab1aeda5?s=96&d=mm&r=g\",\"caption\":\"a.khoury@addlab.it\"},\"sameAs\":[\"http:\/\/localhost\/wp-template\/wp\"],\"url\":\"https:\/\/oncos.com\/de\/author\/a-khouryaddlab-it\/\"}]}<\/script>\n<!-- \/ Yoast SEO plugin. -->","yoast_head_json":{"title":"Gesichtscreme w\u00e4hrend der Chemotherapie: Welche ist die richtige - Oncos","description":"Gesichtscreme w\u00e4hrend der Chemotherapie: Die Haut steht w\u00e4hrend der Behandlung unter gro\u00dfem Stress, daher ist es wichtig, die richtige Oncos-Creme zu w\u00e4hlen.","robots":{"index":"index","follow":"follow","max-snippet":"max-snippet:-1","max-image-preview":"max-image-preview:large","max-video-preview":"max-video-preview:-1"},"canonical":"https:\/\/oncos.com\/de\/gesichtscreme-wahrend-der-chemotherapie\/","og_locale":"de_DE","og_type":"article","og_title":"Gesichtscreme w\u00e4hrend der Chemotherapie: Welche ist die richtige - Oncos","og_description":"Gesichtscreme w\u00e4hrend der Chemotherapie: Die Haut steht w\u00e4hrend der Behandlung unter gro\u00dfem Stress, daher ist es wichtig, die richtige Oncos-Creme zu w\u00e4hlen.","og_url":"https:\/\/oncos.com\/de\/gesichtscreme-wahrend-der-chemotherapie\/","og_site_name":"Oncos","article_publisher":"https:\/\/www.facebook.com\/oncoscosmetica","article_published_time":"2023-09-12T14:34:59+00:00","og_image":[{"width":1500,"height":1000,"url":"https:\/\/oncos.com\/site\/uploads\/2023\/09\/Crema-per-viso-durante-la-chemioterapia-copia.jpg","type":"image\/jpeg"}],"author":"a.khoury@addlab.it","twitter_card":"summary_large_image","twitter_misc":{"Written by":"a.khoury@addlab.it","Est. reading time":"2 minutes"},"schema":{"@context":"https:\/\/schema.org","@graph":[{"@type":"Article","@id":"https:\/\/oncos.com\/de\/gesichtscreme-wahrend-der-chemotherapie\/#article","isPartOf":{"@id":"https:\/\/oncos.com\/de\/gesichtscreme-wahrend-der-chemotherapie\/"},"author":{"name":"a.khoury@addlab.it","@id":"https:\/\/www.oncos.com\/de\/#\/schema\/person\/d9649ac4ee541335a132a4d800771d28"},"headline":"Gesichtscreme w\u00e4hrend der Chemotherapie","datePublished":"2023-09-12T14:34:59+00:00","dateModified":"2023-09-12T14:34:59+00:00","mainEntityOfPage":{"@id":"https:\/\/oncos.com\/de\/gesichtscreme-wahrend-der-chemotherapie\/"},"wordCount":413,"commentCount":0,"publisher":{"@id":"https:\/\/www.oncos.com\/de\/#organization"},"keywords":["Alle sehen"],"inLanguage":"de-DE","potentialAction":[{"@type":"CommentAction","name":"Comment","target":["https:\/\/oncos.com\/de\/gesichtscreme-wahrend-der-chemotherapie\/#respond"]}]},{"@type":"WebPage","@id":"https:\/\/oncos.com\/de\/gesichtscreme-wahrend-der-chemotherapie\/","url":"https:\/\/oncos.com\/de\/gesichtscreme-wahrend-der-chemotherapie\/","name":"Gesichtscreme w\u00e4hrend der Chemotherapie: Welche ist die richtige - Oncos","isPartOf":{"@id":"https:\/\/www.oncos.com\/de\/#website"},"datePublished":"2023-09-12T14:34:59+00:00","dateModified":"2023-09-12T14:34:59+00:00","description":"Gesichtscreme w\u00e4hrend der Chemotherapie: Die Haut steht w\u00e4hrend der Behandlung unter gro\u00dfem Stress, daher ist es wichtig, die richtige Oncos-Creme zu w\u00e4hlen.","breadcrumb":{"@id":"https:\/\/oncos.com\/de\/gesichtscreme-wahrend-der-chemotherapie\/#breadcrumb"},"inLanguage":"de-DE","potentialAction":[{"@type":"ReadAction","target":["https:\/\/oncos.com\/de\/gesichtscreme-wahrend-der-chemotherapie\/"]}]},{"@type":"BreadcrumbList","@id":"https:\/\/oncos.com\/de\/gesichtscreme-wahrend-der-chemotherapie\/#breadcrumb","itemListElement":[{"@type":"ListItem","position":1,"name":"Home","item":"https:\/\/oncos.com\/de\/"},{"@type":"ListItem","position":2,"name":"Gesichtscreme w\u00e4hrend der Chemotherapie"}]},{"@type":"WebSite","@id":"https:\/\/www.oncos.com\/de\/#website","url":"https:\/\/www.oncos.com\/de\/","name":"Oncos","description":"","publisher":{"@id":"https:\/\/www.oncos.com\/de\/#organization"},"potentialAction":[{"@type":"SearchAction","target":{"@type":"EntryPoint","urlTemplate":"https:\/\/www.oncos.com\/de\/?s={search_term_string}"},"query-input":"required name=search_term_string"}],"inLanguage":"de-DE"},{"@type":"Organization","@id":"https:\/\/www.oncos.com\/de\/#organization","name":"Oncos","url":"https:\/\/www.oncos.com\/de\/","logo":{"@type":"ImageObject","inLanguage":"de-DE","@id":"https:\/\/www.oncos.com\/de\/#\/schema\/logo\/image\/","url":"https:\/\/oncos.com\/site\/uploads\/2023\/08\/logo.png","contentUrl":"https:\/\/oncos.com\/site\/uploads\/2023\/08\/logo.png","width":693,"height":200,"caption":"Oncos"},"image":{"@id":"https:\/\/www.oncos.com\/de\/#\/schema\/logo\/image\/"},"sameAs":["https:\/\/www.facebook.com\/oncoscosmetica","https:\/\/www.instagram.com\/oncos_cosmetici\/"]},{"@type":"Person","@id":"https:\/\/www.oncos.com\/de\/#\/schema\/person\/d9649ac4ee541335a132a4d800771d28","name":"a.khoury@addlab.it","image":{"@type":"ImageObject","inLanguage":"de-DE","@id":"https:\/\/www.oncos.com\/de\/#\/schema\/person\/image\/","url":"https:\/\/secure.gravatar.com\/avatar\/2fbb7a4ecbd6d240db01b926ab1aeda5?s=96&d=mm&r=g","contentUrl":"https:\/\/secure.gravatar.com\/avatar\/2fbb7a4ecbd6d240db01b926ab1aeda5?s=96&d=mm&r=g","caption":"a.khoury@addlab.it"},"sameAs":["http:\/\/localhost\/wp-template\/wp"],"url":"https:\/\/oncos.com\/de\/author\/a-khouryaddlab-it\/"}]}},"_links":{"self":[{"href":"https:\/\/oncos.com\/de\/wp-json\/wp\/v2\/posts\/34129"}],"collection":[{"href":"https:\/\/oncos.com\/de\/wp-json\/wp\/v2\/posts"}],"about":[{"href":"https:\/\/oncos.com\/de\/wp-json\/wp\/v2\/types\/post"}],"author":[{"embeddable":true,"href":"https:\/\/oncos.com\/de\/wp-json\/wp\/v2\/users\/1"}],"replies":[{"embeddable":true,"href":"https:\/\/oncos.com\/de\/wp-json\/wp\/v2\/comments?post=34129"}],"version-history":[{"count":0,"href":"https:\/\/oncos.com\/de\/wp-json\/wp\/v2\/posts\/34129\/revisions"}],"wp:featuredmedia":[{"embeddable":true,"href":"https:\/\/oncos.com\/de\/wp-json\/wp\/v2\/media\/34130"}],"wp:attachment":[{"href":"https:\/\/oncos.com\/de\/wp-json\/wp\/v2\/media?parent=34129"}],"wp:term":[{"taxonomy":"post_tag","embeddable":true,"href":"https:\/\/oncos.com\/de\/wp-json\/wp\/v2\/tags?post=34129"}],"curies":[{"name":"wp","href":"https:\/\/api.w.org\/{rel}","templated":true}]}}