{"id":34144,"date":"2023-07-21T15:13:32","date_gmt":"2023-07-21T15:13:32","guid":{"rendered":"https:\/\/oncos.com\/desquamation-der-gesichtshaut-was-ist-das-und-was-sind-die-ursachen\/"},"modified":"2023-07-21T15:13:32","modified_gmt":"2023-07-21T15:13:32","slug":"desquamation-der-gesichtshaut-was-ist-das-und-was-sind-die-ursachen","status":"publish","type":"post","link":"https:\/\/oncos.com\/de\/desquamation-der-gesichtshaut-was-ist-das-und-was-sind-die-ursachen\/","title":{"rendered":"Desquamation der Gesichtshaut: Was ist das und was sind die Ursachen\ufffc"},"content":{"rendered":"<p>Sowohl \u00e4u\u00dfere als auch innere Faktoren k\u00f6nnen die Abwehrmechanismen ver\u00e4ndern und zu einer starken <strong>Austrocknung<\/strong> und <strong>Schuppung der Gesichtshaut<\/strong> f\u00fchren.<\/p>\n<p>Aus diesem Grund ist die Hautpflege w\u00e4hrend der Behandlung von entscheidender Bedeutung. Nebenwirkungen k\u00f6nnen l\u00e4hmend sein und die Lebensqualit\u00e4t des Patienten beeintr\u00e4chtigen. <\/p>\n<p>&nbsp;<\/p>\n<h2>Was ist Schuppung der Gesichtshaut?<\/h2>\n<p><strong>Die Abschuppung der Haut<\/strong> bezieht sich auf den Verlust der obersten Schicht der Epidermis, dem Stratum corneum. Die Abschuppung verursacht eine Schuppenbildung auf der Haut, die typisch f\u00fcr trockene, dehydrierte Haut ist, und f\u00fchrt manchmal auch zu R\u00f6tung, Brennen und Juckreiz. <\/p>\n<p>Die Abschuppung der Haut kann verschiedene Merkmale und Farben haben:<\/p>\n<ul>\n<li>fein und leicht;<\/li>\n<li>in Form von Fischschuppen;<\/li>\n<li>Fett und fettig;<\/li>\n<li>gr\u00e4ulich-wei\u00df;<\/li>\n<li>gelb.<\/li>\n<\/ul>\n<p>Die Schuppenbildung der Haut verursacht nicht nur Unbehagen und Juckreiz, sondern kann auch zu anderen Erkrankungen wie Kontaktdermatitis (Entz\u00fcndung der Haut durch direkten Kontakt mit Reizstoffen) und Infektionen f\u00fchren.<\/p>\n<p>Die Abschuppung der Haut betrifft verschiedene Bereiche des K\u00f6rpers, aber der Bereich, in dem sie am deutlichsten und auch am h\u00e4ufigsten auftritt, ist zweifellos das <strong>Gesicht<\/strong>.<\/p>\n<p>Das Gesicht geh\u00f6rt zu den K\u00f6rperteilen mit der d\u00fcnnsten Epidermis und Hornschicht (und ist au\u00dferdem den Elementen st\u00e4rker ausgesetzt). Genau aus diesen Gr\u00fcnden tritt sie in diesem Bereich des K\u00f6rpers h\u00e4ufiger auf. Anf\u00e4nglich \u00e4u\u00dfert sie sich in Form von Spannungsgef\u00fchlen und Rauheit, aber wenn sie unbehandelt bleibt, kann sich die Situation verschlimmern und die Haut kann sehr straff und schuppig werden, was zu starkem Juckreiz und Unbehagen f\u00fchrt.  <\/p>\n<p>&nbsp;<\/p>\n<h2>Die Ursachen der Abschuppung der Gesichtshaut<\/h2>\n<p>Schuppenbildung auf der Gesichtshaut kann viele Ursachen haben: Sonnenbrand, Verbrennungen, aber auch bestimmte dermatologische Erkrankungen wie Ekzeme, aber auch Krebstherapien. Um das Problem zu lindern, k\u00f6nnen Sie unseren feuchtigkeitsspendenden Gesichtsreiniger verwenden, eine sanfte Emulsion, die die Haut von Gesicht und Hals reinigt und mit Feuchtigkeit versorgt. <\/p>\n<p>&nbsp;<\/p>\n<h2>Warum schuppt sich die Haut?<\/h2>\n<p>Es kommt zu einer Abschuppung der Haut. Wenn nur noch geringe Mengen an Lipiden vorhanden sind, kann die Haut nicht mehr als Barriere fungieren, so dass es eher zu einem \u201eWasserverlust\u201c kommt. Dies f\u00fchrt zu trockener und schuppiger Haut, die weniger strahlend und manchmal sogar rau aussieht. <\/p>\n","protected":false},"excerpt":{"rendered":"<p>Sowohl \u00e4u\u00dfere als auch innere Faktoren k\u00f6nnen die Abwehrmechanismen der Haut ver\u00e4ndern und eine starke Austrocknung und Schuppung der Gesichtshaut verursachen. Hautpflege ist unerl\u00e4sslich. <\/p>\n","protected":false},"author":1,"featured_media":34145,"comment_status":"open","ping_status":"open","sticky":false,"template":"","format":"standard","meta":{"footnotes":""},"tags":[324,323],"acf":[],"yoast_head":"<!-- This site is optimized with the Yoast SEO plugin v21.3 - https:\/\/yoast.com\/wordpress\/plugins\/seo\/ -->\n<title>Schuppung der Gesichtshaut: Ursachen - Oncos<\/title>\n<meta name=\"description\" content=\"Abschuppung der Gesichtshaut: Was es ist und was die Ursachen sind. Erfahren Sie alles \u00fcber Hautabschuppung und Mittel zur Verbesserung Ihrer Gesichtshaut.\" \/>\n<meta name=\"robots\" content=\"index, follow, max-snippet:-1, max-image-preview:large, max-video-preview:-1\" \/>\n<link rel=\"canonical\" href=\"https:\/\/oncos.com\/de\/desquamation-der-gesichtshaut-was-ist-das-und-was-sind-die-ursachen\/\" \/>\n<meta property=\"og:locale\" content=\"de_DE\" \/>\n<meta property=\"og:type\" content=\"article\" \/>\n<meta property=\"og:title\" content=\"Schuppung der Gesichtshaut: Ursachen - Oncos\" \/>\n<meta property=\"og:description\" content=\"Abschuppung der Gesichtshaut: Was es ist und was die Ursachen sind. Erfahren Sie alles \u00fcber Hautabschuppung und Mittel zur Verbesserung Ihrer Gesichtshaut.\" \/>\n<meta property=\"og:url\" content=\"https:\/\/oncos.com\/de\/desquamation-der-gesichtshaut-was-ist-das-und-was-sind-die-ursachen\/\" \/>\n<meta property=\"og:site_name\" content=\"Oncos\" \/>\n<meta property=\"article:publisher\" content=\"https:\/\/www.facebook.com\/oncoscosmetica\" \/>\n<meta property=\"article:published_time\" content=\"2023-07-21T15:13:32+00:00\" \/>\n<meta property=\"og:image\" content=\"https:\/\/oncos.com\/site\/uploads\/2023\/09\/Desquamazione-della-pelle-del-viso.jpg\" \/>\n\t<meta property=\"og:image:width\" content=\"1500\" \/>\n\t<meta property=\"og:image:height\" content=\"1000\" \/>\n\t<meta property=\"og:image:type\" content=\"image\/jpeg\" \/>\n<meta name=\"author\" content=\"a.khoury@addlab.it\" \/>\n<meta name=\"twitter:card\" content=\"summary_large_image\" \/>\n<meta name=\"twitter:label1\" content=\"Written by\" \/>\n\t<meta name=\"twitter:data1\" content=\"a.khoury@addlab.it\" \/>\n\t<meta name=\"twitter:label2\" content=\"Est. reading time\" \/>\n\t<meta name=\"twitter:data2\" content=\"2 minutes\" \/>\n<script type=\"application\/ld+json\" class=\"yoast-schema-graph\">{\"@context\":\"https:\/\/schema.org\",\"@graph\":[{\"@type\":\"Article\",\"@id\":\"https:\/\/oncos.com\/de\/desquamation-der-gesichtshaut-was-ist-das-und-was-sind-die-ursachen\/#article\",\"isPartOf\":{\"@id\":\"https:\/\/oncos.com\/de\/desquamation-der-gesichtshaut-was-ist-das-und-was-sind-die-ursachen\/\"},\"author\":{\"name\":\"a.khoury@addlab.it\",\"@id\":\"https:\/\/www.oncos.com\/de\/#\/schema\/person\/d9649ac4ee541335a132a4d800771d28\"},\"headline\":\"Desquamation der Gesichtshaut: Was ist das und was sind die Ursachen\ufffc\",\"datePublished\":\"2023-07-21T15:13:32+00:00\",\"dateModified\":\"2023-07-21T15:13:32+00:00\",\"mainEntityOfPage\":{\"@id\":\"https:\/\/oncos.com\/de\/desquamation-der-gesichtshaut-was-ist-das-und-was-sind-die-ursachen\/\"},\"wordCount\":382,\"commentCount\":0,\"publisher\":{\"@id\":\"https:\/\/www.oncos.com\/de\/#organization\"},\"keywords\":[\"Alle sehen\",\"Ratschl\u00e4ge und Abhilfema\u00dfnahmen\"],\"inLanguage\":\"de-DE\",\"potentialAction\":[{\"@type\":\"CommentAction\",\"name\":\"Comment\",\"target\":[\"https:\/\/oncos.com\/de\/desquamation-der-gesichtshaut-was-ist-das-und-was-sind-die-ursachen\/#respond\"]}]},{\"@type\":\"WebPage\",\"@id\":\"https:\/\/oncos.com\/de\/desquamation-der-gesichtshaut-was-ist-das-und-was-sind-die-ursachen\/\",\"url\":\"https:\/\/oncos.com\/de\/desquamation-der-gesichtshaut-was-ist-das-und-was-sind-die-ursachen\/\",\"name\":\"Schuppung der Gesichtshaut: Ursachen - Oncos\",\"isPartOf\":{\"@id\":\"https:\/\/www.oncos.com\/de\/#website\"},\"datePublished\":\"2023-07-21T15:13:32+00:00\",\"dateModified\":\"2023-07-21T15:13:32+00:00\",\"description\":\"Abschuppung der Gesichtshaut: Was es ist und was die Ursachen sind. Erfahren Sie alles \u00fcber Hautabschuppung und Mittel zur Verbesserung Ihrer Gesichtshaut.\",\"breadcrumb\":{\"@id\":\"https:\/\/oncos.com\/de\/desquamation-der-gesichtshaut-was-ist-das-und-was-sind-die-ursachen\/#breadcrumb\"},\"inLanguage\":\"de-DE\",\"potentialAction\":[{\"@type\":\"ReadAction\",\"target\":[\"https:\/\/oncos.com\/de\/desquamation-der-gesichtshaut-was-ist-das-und-was-sind-die-ursachen\/\"]}]},{\"@type\":\"BreadcrumbList\",\"@id\":\"https:\/\/oncos.com\/de\/desquamation-der-gesichtshaut-was-ist-das-und-was-sind-die-ursachen\/#breadcrumb\",\"itemListElement\":[{\"@type\":\"ListItem\",\"position\":1,\"name\":\"Home\",\"item\":\"https:\/\/oncos.com\/de\/\"},{\"@type\":\"ListItem\",\"position\":2,\"name\":\"Desquamation der Gesichtshaut: Was ist das und was sind die Ursachen\ufffc\"}]},{\"@type\":\"WebSite\",\"@id\":\"https:\/\/www.oncos.com\/de\/#website\",\"url\":\"https:\/\/www.oncos.com\/de\/\",\"name\":\"Oncos\",\"description\":\"\",\"publisher\":{\"@id\":\"https:\/\/www.oncos.com\/de\/#organization\"},\"potentialAction\":[{\"@type\":\"SearchAction\",\"target\":{\"@type\":\"EntryPoint\",\"urlTemplate\":\"https:\/\/www.oncos.com\/de\/?s={search_term_string}\"},\"query-input\":\"required name=search_term_string\"}],\"inLanguage\":\"de-DE\"},{\"@type\":\"Organization\",\"@id\":\"https:\/\/www.oncos.com\/de\/#organization\",\"name\":\"Oncos\",\"url\":\"https:\/\/www.oncos.com\/de\/\",\"logo\":{\"@type\":\"ImageObject\",\"inLanguage\":\"de-DE\",\"@id\":\"https:\/\/www.oncos.com\/de\/#\/schema\/logo\/image\/\",\"url\":\"https:\/\/oncos.com\/site\/uploads\/2023\/08\/logo.png\",\"contentUrl\":\"https:\/\/oncos.com\/site\/uploads\/2023\/08\/logo.png\",\"width\":693,\"height\":200,\"caption\":\"Oncos\"},\"image\":{\"@id\":\"https:\/\/www.oncos.com\/de\/#\/schema\/logo\/image\/\"},\"sameAs\":[\"https:\/\/www.facebook.com\/oncoscosmetica\",\"https:\/\/www.instagram.com\/oncos_cosmetici\/\"]},{\"@type\":\"Person\",\"@id\":\"https:\/\/www.oncos.com\/de\/#\/schema\/person\/d9649ac4ee541335a132a4d800771d28\",\"name\":\"a.khoury@addlab.it\",\"image\":{\"@type\":\"ImageObject\",\"inLanguage\":\"de-DE\",\"@id\":\"https:\/\/www.oncos.com\/de\/#\/schema\/person\/image\/\",\"url\":\"https:\/\/secure.gravatar.com\/avatar\/2fbb7a4ecbd6d240db01b926ab1aeda5?s=96&d=mm&r=g\",\"contentUrl\":\"https:\/\/secure.gravatar.com\/avatar\/2fbb7a4ecbd6d240db01b926ab1aeda5?s=96&d=mm&r=g\",\"caption\":\"a.khoury@addlab.it\"},\"sameAs\":[\"http:\/\/localhost\/wp-template\/wp\"],\"url\":\"https:\/\/oncos.com\/de\/author\/a-khouryaddlab-it\/\"}]}<\/script>\n<!-- \/ Yoast SEO plugin. -->","yoast_head_json":{"title":"Schuppung der Gesichtshaut: Ursachen - Oncos","description":"Abschuppung der Gesichtshaut: Was es ist und was die Ursachen sind. Erfahren Sie alles \u00fcber Hautabschuppung und Mittel zur Verbesserung Ihrer Gesichtshaut.","robots":{"index":"index","follow":"follow","max-snippet":"max-snippet:-1","max-image-preview":"max-image-preview:large","max-video-preview":"max-video-preview:-1"},"canonical":"https:\/\/oncos.com\/de\/desquamation-der-gesichtshaut-was-ist-das-und-was-sind-die-ursachen\/","og_locale":"de_DE","og_type":"article","og_title":"Schuppung der Gesichtshaut: Ursachen - Oncos","og_description":"Abschuppung der Gesichtshaut: Was es ist und was die Ursachen sind. Erfahren Sie alles \u00fcber Hautabschuppung und Mittel zur Verbesserung Ihrer Gesichtshaut.","og_url":"https:\/\/oncos.com\/de\/desquamation-der-gesichtshaut-was-ist-das-und-was-sind-die-ursachen\/","og_site_name":"Oncos","article_publisher":"https:\/\/www.facebook.com\/oncoscosmetica","article_published_time":"2023-07-21T15:13:32+00:00","og_image":[{"width":1500,"height":1000,"url":"https:\/\/oncos.com\/site\/uploads\/2023\/09\/Desquamazione-della-pelle-del-viso.jpg","type":"image\/jpeg"}],"author":"a.khoury@addlab.it","twitter_card":"summary_large_image","twitter_misc":{"Written by":"a.khoury@addlab.it","Est. reading time":"2 minutes"},"schema":{"@context":"https:\/\/schema.org","@graph":[{"@type":"Article","@id":"https:\/\/oncos.com\/de\/desquamation-der-gesichtshaut-was-ist-das-und-was-sind-die-ursachen\/#article","isPartOf":{"@id":"https:\/\/oncos.com\/de\/desquamation-der-gesichtshaut-was-ist-das-und-was-sind-die-ursachen\/"},"author":{"name":"a.khoury@addlab.it","@id":"https:\/\/www.oncos.com\/de\/#\/schema\/person\/d9649ac4ee541335a132a4d800771d28"},"headline":"Desquamation der Gesichtshaut: Was ist das und was sind die Ursachen\ufffc","datePublished":"2023-07-21T15:13:32+00:00","dateModified":"2023-07-21T15:13:32+00:00","mainEntityOfPage":{"@id":"https:\/\/oncos.com\/de\/desquamation-der-gesichtshaut-was-ist-das-und-was-sind-die-ursachen\/"},"wordCount":382,"commentCount":0,"publisher":{"@id":"https:\/\/www.oncos.com\/de\/#organization"},"keywords":["Alle sehen","Ratschl\u00e4ge und Abhilfema\u00dfnahmen"],"inLanguage":"de-DE","potentialAction":[{"@type":"CommentAction","name":"Comment","target":["https:\/\/oncos.com\/de\/desquamation-der-gesichtshaut-was-ist-das-und-was-sind-die-ursachen\/#respond"]}]},{"@type":"WebPage","@id":"https:\/\/oncos.com\/de\/desquamation-der-gesichtshaut-was-ist-das-und-was-sind-die-ursachen\/","url":"https:\/\/oncos.com\/de\/desquamation-der-gesichtshaut-was-ist-das-und-was-sind-die-ursachen\/","name":"Schuppung der Gesichtshaut: Ursachen - Oncos","isPartOf":{"@id":"https:\/\/www.oncos.com\/de\/#website"},"datePublished":"2023-07-21T15:13:32+00:00","dateModified":"2023-07-21T15:13:32+00:00","description":"Abschuppung der Gesichtshaut: Was es ist und was die Ursachen sind. Erfahren Sie alles \u00fcber Hautabschuppung und Mittel zur Verbesserung Ihrer Gesichtshaut.","breadcrumb":{"@id":"https:\/\/oncos.com\/de\/desquamation-der-gesichtshaut-was-ist-das-und-was-sind-die-ursachen\/#breadcrumb"},"inLanguage":"de-DE","potentialAction":[{"@type":"ReadAction","target":["https:\/\/oncos.com\/de\/desquamation-der-gesichtshaut-was-ist-das-und-was-sind-die-ursachen\/"]}]},{"@type":"BreadcrumbList","@id":"https:\/\/oncos.com\/de\/desquamation-der-gesichtshaut-was-ist-das-und-was-sind-die-ursachen\/#breadcrumb","itemListElement":[{"@type":"ListItem","position":1,"name":"Home","item":"https:\/\/oncos.com\/de\/"},{"@type":"ListItem","position":2,"name":"Desquamation der Gesichtshaut: Was ist das und was sind die Ursachen\ufffc"}]},{"@type":"WebSite","@id":"https:\/\/www.oncos.com\/de\/#website","url":"https:\/\/www.oncos.com\/de\/","name":"Oncos","description":"","publisher":{"@id":"https:\/\/www.oncos.com\/de\/#organization"},"potentialAction":[{"@type":"SearchAction","target":{"@type":"EntryPoint","urlTemplate":"https:\/\/www.oncos.com\/de\/?s={search_term_string}"},"query-input":"required name=search_term_string"}],"inLanguage":"de-DE"},{"@type":"Organization","@id":"https:\/\/www.oncos.com\/de\/#organization","name":"Oncos","url":"https:\/\/www.oncos.com\/de\/","logo":{"@type":"ImageObject","inLanguage":"de-DE","@id":"https:\/\/www.oncos.com\/de\/#\/schema\/logo\/image\/","url":"https:\/\/oncos.com\/site\/uploads\/2023\/08\/logo.png","contentUrl":"https:\/\/oncos.com\/site\/uploads\/2023\/08\/logo.png","width":693,"height":200,"caption":"Oncos"},"image":{"@id":"https:\/\/www.oncos.com\/de\/#\/schema\/logo\/image\/"},"sameAs":["https:\/\/www.facebook.com\/oncoscosmetica","https:\/\/www.instagram.com\/oncos_cosmetici\/"]},{"@type":"Person","@id":"https:\/\/www.oncos.com\/de\/#\/schema\/person\/d9649ac4ee541335a132a4d800771d28","name":"a.khoury@addlab.it","image":{"@type":"ImageObject","inLanguage":"de-DE","@id":"https:\/\/www.oncos.com\/de\/#\/schema\/person\/image\/","url":"https:\/\/secure.gravatar.com\/avatar\/2fbb7a4ecbd6d240db01b926ab1aeda5?s=96&d=mm&r=g","contentUrl":"https:\/\/secure.gravatar.com\/avatar\/2fbb7a4ecbd6d240db01b926ab1aeda5?s=96&d=mm&r=g","caption":"a.khoury@addlab.it"},"sameAs":["http:\/\/localhost\/wp-template\/wp"],"url":"https:\/\/oncos.com\/de\/author\/a-khouryaddlab-it\/"}]}},"_links":{"self":[{"href":"https:\/\/oncos.com\/de\/wp-json\/wp\/v2\/posts\/34144"}],"collection":[{"href":"https:\/\/oncos.com\/de\/wp-json\/wp\/v2\/posts"}],"about":[{"href":"https:\/\/oncos.com\/de\/wp-json\/wp\/v2\/types\/post"}],"author":[{"embeddable":true,"href":"https:\/\/oncos.com\/de\/wp-json\/wp\/v2\/users\/1"}],"replies":[{"embeddable":true,"href":"https:\/\/oncos.com\/de\/wp-json\/wp\/v2\/comments?post=34144"}],"version-history":[{"count":0,"href":"https:\/\/oncos.com\/de\/wp-json\/wp\/v2\/posts\/34144\/revisions"}],"wp:featuredmedia":[{"embeddable":true,"href":"https:\/\/oncos.com\/de\/wp-json\/wp\/v2\/media\/34145"}],"wp:attachment":[{"href":"https:\/\/oncos.com\/de\/wp-json\/wp\/v2\/media?parent=34144"}],"wp:term":[{"taxonomy":"post_tag","embeddable":true,"href":"https:\/\/oncos.com\/de\/wp-json\/wp\/v2\/tags?post=34144"}],"curies":[{"name":"wp","href":"https:\/\/api.w.org\/{rel}","templated":true}]}}