{"id":34151,"date":"2023-09-21T15:41:22","date_gmt":"2023-09-21T15:41:22","guid":{"rendered":"https:\/\/oncos.com\/strahlentherapie-kurzfristige-nebenwirkungen\/"},"modified":"2023-09-21T15:41:22","modified_gmt":"2023-09-21T15:41:22","slug":"strahlentherapie-kurzfristige-nebenwirkungen","status":"publish","type":"post","link":"https:\/\/oncos.com\/de\/strahlentherapie-kurzfristige-nebenwirkungen\/","title":{"rendered":"Strahlentherapie: Kurzfristige Nebenwirkungen"},"content":{"rendered":"<p>Die kurzfristigen Auswirkungen der <strong>Strahlentherapie<\/strong> entstehen durch die Einwirkung der Strahlung auf gesunde Zellen in der N\u00e4he der Tumormassen. Je nach behandeltem Gebiet k\u00f6nnen die <strong>Nebenwirkungen<\/strong> variieren, aber im Allgemeinen sind die h\u00e4ufigsten <strong>Kurzzeitwirkungen der Strahlentherapie<\/strong> folgende: <\/p>\n<ul>\n<li><strong>M\u00fcdigkeit;<\/strong><\/li>\n<li><strong>Muskel- und Gelenkschmerzen;<\/strong><\/li>\n<li><strong>Haarausfall;<\/strong><\/li>\n<li><strong>\u00dcbelkeit, Erbrechen und Hautprobleme.<\/strong><\/li>\n<\/ul>\n<h2><\/h2>\n<h2>M\u00fcdigkeit<\/h2>\n<p>Eine der <strong>kurzfristigen Auswirkungen der Strahlentherapie ist M\u00fcdigkeit<\/strong>. M\u00fcdigkeit geh\u00f6rt zu den h\u00e4ufigsten Beschwerden. Viele Patienten, die sich einer Strahlentherapie unterziehen, klagen dar\u00fcber, dass sie m\u00fcde und ersch\u00f6pft sind und sich irgendwie ausgelaugt f\u00fchlen. Es handelt sich um ein konstantes Gef\u00fchl, das pl\u00f6tzlich oder allm\u00e4hlich auftritt, wenn die Anzahl der Strahlentherapiesitzungen zunimmt. Es handelt sich nicht um eine vorhersehbare Auswirkung, das Alter hat keinen Einfluss darauf und auch nicht das behandelte Gebiet.   <\/p>\n<h2><\/h2>\n<h2>Schmerzen in Muskeln und Gelenken<\/h2>\n<p>Andere kurzfristige Auswirkungen der Strahlentherapie sind Muskel- und Gelenkschmerzen, die h\u00e4ufig auftreten und sich je nach Schweregrad als ein Gef\u00fchl der M\u00fcdigkeit \u00e4u\u00dfern k\u00f6nnen, bis hin zur Unf\u00e4higkeit, einfache t\u00e4gliche Aktivit\u00e4ten auszuf\u00fchren, was die Lebensqualit\u00e4t des Patienten beeintr\u00e4chtigt.<\/p>\n<h2><\/h2>\n<h2>Haarausfall<\/h2>\n<p><strong>Zu den kurzfristigen Auswirkungen der Strahlentherapie geh\u00f6rt Haarausfall.<\/strong> Der Haarausfall kann als Folge der Strahlentherapie teilweise oder vollst\u00e4ndig auftreten. Dieses Ph\u00e4nomen wird Alopezie genannt. Der Grund f\u00fcr den Haarausfall h\u00e4ngt eng mit der <strong>H\u00e4ufigkeit und der Intensit\u00e4t der<\/strong> Behandlung sowie mit der Stelle zusammen, an der sie durchgef\u00fchrt wurde. In der Regel beginnen die Haare <strong>zwei oder drei Wochen nach der ersten<\/strong> Bestrahlung auszufallen und innerhalb von etwa einer Woche sind alle Haare verloren. Je nach Fall <strong>wachsen sie innerhalb von drei bis sechs Monaten nach Beendigung der Therapie wieder nach<\/strong>. Es ist ratsam, das <a href=\"\/prodotti\/shampoo-doccia-delicato\/\">milde Duschshampoo<\/a> aus der Oncos-Linie sofort und bis zu 30 Tage nach dem Ende der Krebstherapie zu verwenden.      <\/p>\n<h2><\/h2>\n<h2>\u00dcbelkeit, Erbrechen und Hautprobleme<\/h2>\n<p>Eine weitere kurzfristige Auswirkung der Strahlentherapie, die auftreten kann, ist <strong>\u00dcbelkeit<\/strong> und\/oder <strong>Erbrechen<\/strong>. Bei \u00dcbelkeit handelt es sich haupts\u00e4chlich um ein Gef\u00fchl des Unwohlseins im Magen, als ob man sich gleich \u00fcbergeben m\u00fcsste. Das Erbrechen kann sich auch als trockenes Husten \u00e4u\u00dfern. Der Grund daf\u00fcr ist, dass der Magen leer ist und man trotzdem den Drang versp\u00fcrt, sich zu \u00fcbergeben. Dar\u00fcber hinaus kann eine Strahlentherapie <strong>Hautver\u00e4nderungen im behandelten Bereich<\/strong> hervorrufen, wie z.B.: <strong>R\u00f6tungen, Juckreiz, trockene Haut, Geschw\u00fcre und Bl\u00e4schen<\/strong>. In diesem Fall ist es ratsam, Oncos Protective Dry Oil zu verwenden, das eine<strong>lindernde und beruhigende Wirkung<\/strong> hat.     <\/p>\n","protected":false},"excerpt":{"rendered":"<p>Die kurzfristigen Auswirkungen der Strahlentherapie entstehen durch die Einwirkung der Strahlung auf gesunde Zellen in der N\u00e4he der Tumormassen.<\/p>\n","protected":false},"author":1,"featured_media":34152,"comment_status":"open","ping_status":"open","sticky":false,"template":"","format":"standard","meta":{"footnotes":""},"tags":[324,325],"acf":[],"yoast_head":"<!-- This site is optimized with the Yoast SEO plugin v21.3 - https:\/\/yoast.com\/wordpress\/plugins\/seo\/ -->\n<title>Kurzfristige Nebenwirkungen der Strahlentherapie - Oncos<\/title>\n<meta name=\"description\" content=\"Kurzzeit-Nebenwirkungen der Strahlentherapie. Informieren Sie sich bei Oncos \u00fcber die Auswirkungen von Kurzzeittherapien und wie Sie sich darum k\u00fcmmern k\u00f6nnen.\" \/>\n<meta name=\"robots\" content=\"index, follow, max-snippet:-1, max-image-preview:large, max-video-preview:-1\" \/>\n<link rel=\"canonical\" href=\"https:\/\/oncos.com\/de\/strahlentherapie-kurzfristige-nebenwirkungen\/\" \/>\n<meta property=\"og:locale\" content=\"de_DE\" \/>\n<meta property=\"og:type\" content=\"article\" \/>\n<meta property=\"og:title\" content=\"Kurzfristige Nebenwirkungen der Strahlentherapie - Oncos\" \/>\n<meta property=\"og:description\" content=\"Kurzzeit-Nebenwirkungen der Strahlentherapie. Informieren Sie sich bei Oncos \u00fcber die Auswirkungen von Kurzzeittherapien und wie Sie sich darum k\u00fcmmern k\u00f6nnen.\" \/>\n<meta property=\"og:url\" content=\"https:\/\/oncos.com\/de\/strahlentherapie-kurzfristige-nebenwirkungen\/\" \/>\n<meta property=\"og:site_name\" content=\"Oncos\" \/>\n<meta property=\"article:publisher\" content=\"https:\/\/www.facebook.com\/oncoscosmetica\" \/>\n<meta property=\"article:published_time\" content=\"2023-09-21T15:41:22+00:00\" \/>\n<meta property=\"og:image\" content=\"https:\/\/oncos.com\/site\/uploads\/2023\/09\/Chemioterapia-effetti-collaterali-a-breve-termine.jpg\" \/>\n\t<meta property=\"og:image:width\" content=\"1500\" \/>\n\t<meta property=\"og:image:height\" content=\"1000\" \/>\n\t<meta property=\"og:image:type\" content=\"image\/jpeg\" \/>\n<meta name=\"author\" content=\"a.khoury@addlab.it\" \/>\n<meta name=\"twitter:card\" content=\"summary_large_image\" \/>\n<meta name=\"twitter:label1\" content=\"Written by\" \/>\n\t<meta name=\"twitter:data1\" content=\"a.khoury@addlab.it\" \/>\n\t<meta name=\"twitter:label2\" content=\"Est. reading time\" \/>\n\t<meta name=\"twitter:data2\" content=\"2 minutes\" \/>\n<script type=\"application\/ld+json\" class=\"yoast-schema-graph\">{\"@context\":\"https:\/\/schema.org\",\"@graph\":[{\"@type\":\"Article\",\"@id\":\"https:\/\/oncos.com\/de\/strahlentherapie-kurzfristige-nebenwirkungen\/#article\",\"isPartOf\":{\"@id\":\"https:\/\/oncos.com\/de\/strahlentherapie-kurzfristige-nebenwirkungen\/\"},\"author\":{\"name\":\"a.khoury@addlab.it\",\"@id\":\"https:\/\/www.oncos.com\/de\/#\/schema\/person\/d9649ac4ee541335a132a4d800771d28\"},\"headline\":\"Strahlentherapie: Kurzfristige Nebenwirkungen\",\"datePublished\":\"2023-09-21T15:41:22+00:00\",\"dateModified\":\"2023-09-21T15:41:22+00:00\",\"mainEntityOfPage\":{\"@id\":\"https:\/\/oncos.com\/de\/strahlentherapie-kurzfristige-nebenwirkungen\/\"},\"wordCount\":427,\"commentCount\":0,\"publisher\":{\"@id\":\"https:\/\/www.oncos.com\/de\/#organization\"},\"keywords\":[\"Alle sehen\",\"Therapien\"],\"inLanguage\":\"de-DE\",\"potentialAction\":[{\"@type\":\"CommentAction\",\"name\":\"Comment\",\"target\":[\"https:\/\/oncos.com\/de\/strahlentherapie-kurzfristige-nebenwirkungen\/#respond\"]}]},{\"@type\":\"WebPage\",\"@id\":\"https:\/\/oncos.com\/de\/strahlentherapie-kurzfristige-nebenwirkungen\/\",\"url\":\"https:\/\/oncos.com\/de\/strahlentherapie-kurzfristige-nebenwirkungen\/\",\"name\":\"Kurzfristige Nebenwirkungen der Strahlentherapie - Oncos\",\"isPartOf\":{\"@id\":\"https:\/\/www.oncos.com\/de\/#website\"},\"datePublished\":\"2023-09-21T15:41:22+00:00\",\"dateModified\":\"2023-09-21T15:41:22+00:00\",\"description\":\"Kurzzeit-Nebenwirkungen der Strahlentherapie. Informieren Sie sich bei Oncos \u00fcber die Auswirkungen von Kurzzeittherapien und wie Sie sich darum k\u00fcmmern k\u00f6nnen.\",\"breadcrumb\":{\"@id\":\"https:\/\/oncos.com\/de\/strahlentherapie-kurzfristige-nebenwirkungen\/#breadcrumb\"},\"inLanguage\":\"de-DE\",\"potentialAction\":[{\"@type\":\"ReadAction\",\"target\":[\"https:\/\/oncos.com\/de\/strahlentherapie-kurzfristige-nebenwirkungen\/\"]}]},{\"@type\":\"BreadcrumbList\",\"@id\":\"https:\/\/oncos.com\/de\/strahlentherapie-kurzfristige-nebenwirkungen\/#breadcrumb\",\"itemListElement\":[{\"@type\":\"ListItem\",\"position\":1,\"name\":\"Home\",\"item\":\"https:\/\/oncos.com\/de\/\"},{\"@type\":\"ListItem\",\"position\":2,\"name\":\"Strahlentherapie: Kurzfristige Nebenwirkungen\"}]},{\"@type\":\"WebSite\",\"@id\":\"https:\/\/www.oncos.com\/de\/#website\",\"url\":\"https:\/\/www.oncos.com\/de\/\",\"name\":\"Oncos\",\"description\":\"\",\"publisher\":{\"@id\":\"https:\/\/www.oncos.com\/de\/#organization\"},\"potentialAction\":[{\"@type\":\"SearchAction\",\"target\":{\"@type\":\"EntryPoint\",\"urlTemplate\":\"https:\/\/www.oncos.com\/de\/?s={search_term_string}\"},\"query-input\":\"required name=search_term_string\"}],\"inLanguage\":\"de-DE\"},{\"@type\":\"Organization\",\"@id\":\"https:\/\/www.oncos.com\/de\/#organization\",\"name\":\"Oncos\",\"url\":\"https:\/\/www.oncos.com\/de\/\",\"logo\":{\"@type\":\"ImageObject\",\"inLanguage\":\"de-DE\",\"@id\":\"https:\/\/www.oncos.com\/de\/#\/schema\/logo\/image\/\",\"url\":\"https:\/\/oncos.com\/site\/uploads\/2023\/08\/logo.png\",\"contentUrl\":\"https:\/\/oncos.com\/site\/uploads\/2023\/08\/logo.png\",\"width\":693,\"height\":200,\"caption\":\"Oncos\"},\"image\":{\"@id\":\"https:\/\/www.oncos.com\/de\/#\/schema\/logo\/image\/\"},\"sameAs\":[\"https:\/\/www.facebook.com\/oncoscosmetica\",\"https:\/\/www.instagram.com\/oncos_cosmetici\/\"]},{\"@type\":\"Person\",\"@id\":\"https:\/\/www.oncos.com\/de\/#\/schema\/person\/d9649ac4ee541335a132a4d800771d28\",\"name\":\"a.khoury@addlab.it\",\"image\":{\"@type\":\"ImageObject\",\"inLanguage\":\"de-DE\",\"@id\":\"https:\/\/www.oncos.com\/de\/#\/schema\/person\/image\/\",\"url\":\"https:\/\/secure.gravatar.com\/avatar\/2fbb7a4ecbd6d240db01b926ab1aeda5?s=96&d=mm&r=g\",\"contentUrl\":\"https:\/\/secure.gravatar.com\/avatar\/2fbb7a4ecbd6d240db01b926ab1aeda5?s=96&d=mm&r=g\",\"caption\":\"a.khoury@addlab.it\"},\"sameAs\":[\"http:\/\/localhost\/wp-template\/wp\"],\"url\":\"https:\/\/oncos.com\/de\/author\/a-khouryaddlab-it\/\"}]}<\/script>\n<!-- \/ Yoast SEO plugin. -->","yoast_head_json":{"title":"Kurzfristige Nebenwirkungen der Strahlentherapie - Oncos","description":"Kurzzeit-Nebenwirkungen der Strahlentherapie. Informieren Sie sich bei Oncos \u00fcber die Auswirkungen von Kurzzeittherapien und wie Sie sich darum k\u00fcmmern k\u00f6nnen.","robots":{"index":"index","follow":"follow","max-snippet":"max-snippet:-1","max-image-preview":"max-image-preview:large","max-video-preview":"max-video-preview:-1"},"canonical":"https:\/\/oncos.com\/de\/strahlentherapie-kurzfristige-nebenwirkungen\/","og_locale":"de_DE","og_type":"article","og_title":"Kurzfristige Nebenwirkungen der Strahlentherapie - Oncos","og_description":"Kurzzeit-Nebenwirkungen der Strahlentherapie. Informieren Sie sich bei Oncos \u00fcber die Auswirkungen von Kurzzeittherapien und wie Sie sich darum k\u00fcmmern k\u00f6nnen.","og_url":"https:\/\/oncos.com\/de\/strahlentherapie-kurzfristige-nebenwirkungen\/","og_site_name":"Oncos","article_publisher":"https:\/\/www.facebook.com\/oncoscosmetica","article_published_time":"2023-09-21T15:41:22+00:00","og_image":[{"width":1500,"height":1000,"url":"https:\/\/oncos.com\/site\/uploads\/2023\/09\/Chemioterapia-effetti-collaterali-a-breve-termine.jpg","type":"image\/jpeg"}],"author":"a.khoury@addlab.it","twitter_card":"summary_large_image","twitter_misc":{"Written by":"a.khoury@addlab.it","Est. reading time":"2 minutes"},"schema":{"@context":"https:\/\/schema.org","@graph":[{"@type":"Article","@id":"https:\/\/oncos.com\/de\/strahlentherapie-kurzfristige-nebenwirkungen\/#article","isPartOf":{"@id":"https:\/\/oncos.com\/de\/strahlentherapie-kurzfristige-nebenwirkungen\/"},"author":{"name":"a.khoury@addlab.it","@id":"https:\/\/www.oncos.com\/de\/#\/schema\/person\/d9649ac4ee541335a132a4d800771d28"},"headline":"Strahlentherapie: Kurzfristige Nebenwirkungen","datePublished":"2023-09-21T15:41:22+00:00","dateModified":"2023-09-21T15:41:22+00:00","mainEntityOfPage":{"@id":"https:\/\/oncos.com\/de\/strahlentherapie-kurzfristige-nebenwirkungen\/"},"wordCount":427,"commentCount":0,"publisher":{"@id":"https:\/\/www.oncos.com\/de\/#organization"},"keywords":["Alle sehen","Therapien"],"inLanguage":"de-DE","potentialAction":[{"@type":"CommentAction","name":"Comment","target":["https:\/\/oncos.com\/de\/strahlentherapie-kurzfristige-nebenwirkungen\/#respond"]}]},{"@type":"WebPage","@id":"https:\/\/oncos.com\/de\/strahlentherapie-kurzfristige-nebenwirkungen\/","url":"https:\/\/oncos.com\/de\/strahlentherapie-kurzfristige-nebenwirkungen\/","name":"Kurzfristige Nebenwirkungen der Strahlentherapie - Oncos","isPartOf":{"@id":"https:\/\/www.oncos.com\/de\/#website"},"datePublished":"2023-09-21T15:41:22+00:00","dateModified":"2023-09-21T15:41:22+00:00","description":"Kurzzeit-Nebenwirkungen der Strahlentherapie. Informieren Sie sich bei Oncos \u00fcber die Auswirkungen von Kurzzeittherapien und wie Sie sich darum k\u00fcmmern k\u00f6nnen.","breadcrumb":{"@id":"https:\/\/oncos.com\/de\/strahlentherapie-kurzfristige-nebenwirkungen\/#breadcrumb"},"inLanguage":"de-DE","potentialAction":[{"@type":"ReadAction","target":["https:\/\/oncos.com\/de\/strahlentherapie-kurzfristige-nebenwirkungen\/"]}]},{"@type":"BreadcrumbList","@id":"https:\/\/oncos.com\/de\/strahlentherapie-kurzfristige-nebenwirkungen\/#breadcrumb","itemListElement":[{"@type":"ListItem","position":1,"name":"Home","item":"https:\/\/oncos.com\/de\/"},{"@type":"ListItem","position":2,"name":"Strahlentherapie: Kurzfristige Nebenwirkungen"}]},{"@type":"WebSite","@id":"https:\/\/www.oncos.com\/de\/#website","url":"https:\/\/www.oncos.com\/de\/","name":"Oncos","description":"","publisher":{"@id":"https:\/\/www.oncos.com\/de\/#organization"},"potentialAction":[{"@type":"SearchAction","target":{"@type":"EntryPoint","urlTemplate":"https:\/\/www.oncos.com\/de\/?s={search_term_string}"},"query-input":"required name=search_term_string"}],"inLanguage":"de-DE"},{"@type":"Organization","@id":"https:\/\/www.oncos.com\/de\/#organization","name":"Oncos","url":"https:\/\/www.oncos.com\/de\/","logo":{"@type":"ImageObject","inLanguage":"de-DE","@id":"https:\/\/www.oncos.com\/de\/#\/schema\/logo\/image\/","url":"https:\/\/oncos.com\/site\/uploads\/2023\/08\/logo.png","contentUrl":"https:\/\/oncos.com\/site\/uploads\/2023\/08\/logo.png","width":693,"height":200,"caption":"Oncos"},"image":{"@id":"https:\/\/www.oncos.com\/de\/#\/schema\/logo\/image\/"},"sameAs":["https:\/\/www.facebook.com\/oncoscosmetica","https:\/\/www.instagram.com\/oncos_cosmetici\/"]},{"@type":"Person","@id":"https:\/\/www.oncos.com\/de\/#\/schema\/person\/d9649ac4ee541335a132a4d800771d28","name":"a.khoury@addlab.it","image":{"@type":"ImageObject","inLanguage":"de-DE","@id":"https:\/\/www.oncos.com\/de\/#\/schema\/person\/image\/","url":"https:\/\/secure.gravatar.com\/avatar\/2fbb7a4ecbd6d240db01b926ab1aeda5?s=96&d=mm&r=g","contentUrl":"https:\/\/secure.gravatar.com\/avatar\/2fbb7a4ecbd6d240db01b926ab1aeda5?s=96&d=mm&r=g","caption":"a.khoury@addlab.it"},"sameAs":["http:\/\/localhost\/wp-template\/wp"],"url":"https:\/\/oncos.com\/de\/author\/a-khouryaddlab-it\/"}]}},"_links":{"self":[{"href":"https:\/\/oncos.com\/de\/wp-json\/wp\/v2\/posts\/34151"}],"collection":[{"href":"https:\/\/oncos.com\/de\/wp-json\/wp\/v2\/posts"}],"about":[{"href":"https:\/\/oncos.com\/de\/wp-json\/wp\/v2\/types\/post"}],"author":[{"embeddable":true,"href":"https:\/\/oncos.com\/de\/wp-json\/wp\/v2\/users\/1"}],"replies":[{"embeddable":true,"href":"https:\/\/oncos.com\/de\/wp-json\/wp\/v2\/comments?post=34151"}],"version-history":[{"count":0,"href":"https:\/\/oncos.com\/de\/wp-json\/wp\/v2\/posts\/34151\/revisions"}],"wp:featuredmedia":[{"embeddable":true,"href":"https:\/\/oncos.com\/de\/wp-json\/wp\/v2\/media\/34152"}],"wp:attachment":[{"href":"https:\/\/oncos.com\/de\/wp-json\/wp\/v2\/media?parent=34151"}],"wp:term":[{"taxonomy":"post_tag","embeddable":true,"href":"https:\/\/oncos.com\/de\/wp-json\/wp\/v2\/tags?post=34151"}],"curies":[{"name":"wp","href":"https:\/\/api.w.org\/{rel}","templated":true}]}}