{"id":10055,"date":"2023-09-07T15:24:58","date_gmt":"2023-09-07T15:24:58","guid":{"rendered":"https:\/\/oncos.com\/efectos-secundarios-de-la-radioterapia-para-los-allegados\/"},"modified":"2023-09-07T15:24:58","modified_gmt":"2023-09-07T15:24:58","slug":"efectos-secundarios-de-la-radioterapia-para-los-allegados","status":"publish","type":"post","link":"https:\/\/oncos.com\/es\/efectos-secundarios-de-la-radioterapia-para-los-allegados\/","title":{"rendered":"Efectos secundarios de la radioterapia para los allegados"},"content":{"rendered":"<p>La radioterapia es un enfoque terap\u00e9utico que consiste en transmitir radiaciones muy potentes para delimitar los tumores y destruir, o ralentizar, las c\u00e9lulas cancerosas. Las radiaciones utilizadas para la terapia del c\u00e1ncer son los <strong>rayos X<\/strong> y los <strong>rayos gamma<\/strong>. La radioterapia tiene efectos secundarios incluso para las personas cercanas<\/p>\n<p>Pero, \u00bfc\u00f3mo se administra? Bien mediante una m\u00e1quina que cubre el cuerpo del paciente, lo que se conoce como <strong>radioterapia externa<\/strong>, o bien mediante una sustancia radiactiva que se administra en el interior del cuerpo del paciente, lo que se conoce como <strong>radioterapia interna<\/strong>.<\/p>\n<h2>Radioterapia: tratamientos<\/h2>\n<p>El tratamiento de radioterapia se elige en funci\u00f3n de las necesidades del paciente, es decir, seg\u00fan el tipo de tumor, su tama\u00f1o, su localizaci\u00f3n en el cuerpo y el estado del paciente. Por eso no hay un tratamiento de radioterapia mejor que otro. Siempre se intenta aplicar la mejor t\u00e9cnica disponible para cada caso individual.<\/p>\n<p>Normalmente se forma un <strong>equipo m\u00e9dico<\/strong> para aplicar todo el plan de tratamiento de radioterapia: el onc\u00f3logo radioterapeuta, el f\u00edsico m\u00e9dico, el t\u00e9cnico de radioterapia y la enfermera profesional.<\/p>\n<p>Sin embargo, los efectos secundarios de la radioterapia para las personas cercanas pueden ser muy molestos, ya que se trata de sustancias radiactivas que circulan por el organismo del paciente y que pasan a destruir las c\u00e9lulas cancerosas.<\/p>\n<h2>Radioterapia: los efectos secundarios para el paciente<\/h2>\n<p>La radioterapia es un proceso dif\u00edcil de llevar a cabo, sobre todo porque uno se encuentra en una fase en la que no sabe lo que va a pasar, por lo que est\u00e1 muy asustado y resulta estresante pasar por ella. Durante la radioterapia uno puede sentirse: ansioso, deprimido, asustado, enfadado, frustrado, impotente e incluso solo. Estos son los efectos secundarios m\u00e1s comunes.<\/p>\n<h2>Efectos secundarios de la radioterapia para las personas cercanas<\/h2>\n<p>En caso de que el paciente adquiera algo de radiactividad, los m\u00e9dicos tendr\u00e1n la tarea de instruir a los familiares y cuidadores sobre c\u00f3mo evitar cualquier forma de exposici\u00f3n.<\/p>\n<p>\u00bfPor qu\u00e9 ocurre esto? Debido a ciertos fluidos corporales que podr\u00edan volverse radiactivos en caso de reactividad. Las primeras cosas b\u00e1sicas que hay que hacer son:<\/p>\n<ul>\n<li>mantener el distanciamiento social;<\/li>\n<li>evitar relacionarse con ni\u00f1os, mujeres embarazadas y personas fr\u00e1giles;<\/li>\n<li>evitar el contacto f\u00edsico, al menos durante una semana;<\/li>\n<li>lavar la ropa y todo lo que lleve el paciente separado de otras cosas;<\/li>\n<li>lavarse las manos con frecuencia y desinfectarlas inmediatamente despu\u00e9s;<\/li>\n<li>Evitar las p\u00e9rdidas de gotas de orina al ir al ba\u00f1o, por lo que siempre es mejor sentarse. Si es posible, es preferible utilizar dos inodoros;<\/li>\n<li>al ir al ba\u00f1o es aconsejable tirar dos veces de la cadena y lavarse bien las manos.<\/li>\n<\/ul>\n","protected":false},"excerpt":{"rendered":"<p>La radioterapia es un enfoque terap\u00e9utico que consiste en administrar radiaciones muy potentes para delimitar los tumores y destruir, o ralentizar, las c\u00e9lulas cancerosas.<\/p>\n","protected":false},"author":1,"featured_media":10056,"comment_status":"open","ping_status":"open","sticky":false,"template":"","format":"standard","meta":{"footnotes":""},"tags":[102,100],"acf":[],"yoast_head":"<!-- This site is optimized with the Yoast SEO plugin v21.3 - https:\/\/yoast.com\/wordpress\/plugins\/seo\/ -->\n<title>Efectos secundarios de la radioterapia para sus allegados - Oncos<\/title>\n<meta name=\"description\" content=\"Efectos secundarios de la radioterapia para sus allegados. Inf\u00f3rmese con Oncos sobre los efectos de las terapias contra el c\u00e1ncer y c\u00f3mo cuidarlos.\" \/>\n<meta name=\"robots\" content=\"index, follow, max-snippet:-1, max-image-preview:large, max-video-preview:-1\" \/>\n<link rel=\"canonical\" href=\"https:\/\/oncos.com\/es\/efectos-secundarios-de-la-radioterapia-para-los-allegados\/\" \/>\n<meta property=\"og:locale\" content=\"es_ES\" \/>\n<meta property=\"og:type\" content=\"article\" \/>\n<meta property=\"og:title\" content=\"Efectos secundarios de la radioterapia para sus allegados - Oncos\" \/>\n<meta property=\"og:description\" content=\"Efectos secundarios de la radioterapia para sus allegados. Inf\u00f3rmese con Oncos sobre los efectos de las terapias contra el c\u00e1ncer y c\u00f3mo cuidarlos.\" \/>\n<meta property=\"og:url\" content=\"https:\/\/oncos.com\/es\/efectos-secundarios-de-la-radioterapia-para-los-allegados\/\" \/>\n<meta property=\"og:site_name\" content=\"Oncos\" \/>\n<meta property=\"article:publisher\" content=\"https:\/\/www.facebook.com\/oncoscosmetica\" \/>\n<meta property=\"article:published_time\" content=\"2023-09-07T15:24:58+00:00\" \/>\n<meta property=\"og:image\" content=\"https:\/\/oncos.com\/site\/uploads\/2023\/09\/Radioterapia-effetti-collaterali-per-chi-ti-sta-vicino.jpg\" \/>\n\t<meta property=\"og:image:width\" content=\"1500\" \/>\n\t<meta property=\"og:image:height\" content=\"1000\" \/>\n\t<meta property=\"og:image:type\" content=\"image\/jpeg\" \/>\n<meta name=\"author\" content=\"a.khoury@addlab.it\" \/>\n<meta name=\"twitter:card\" content=\"summary_large_image\" \/>\n<meta name=\"twitter:label1\" content=\"Written by\" \/>\n\t<meta name=\"twitter:data1\" content=\"a.khoury@addlab.it\" \/>\n\t<meta name=\"twitter:label2\" content=\"Est. reading time\" \/>\n\t<meta name=\"twitter:data2\" content=\"2 minutes\" \/>\n<script type=\"application\/ld+json\" class=\"yoast-schema-graph\">{\"@context\":\"https:\/\/schema.org\",\"@graph\":[{\"@type\":\"Article\",\"@id\":\"https:\/\/oncos.com\/es\/efectos-secundarios-de-la-radioterapia-para-los-allegados\/#article\",\"isPartOf\":{\"@id\":\"https:\/\/oncos.com\/es\/efectos-secundarios-de-la-radioterapia-para-los-allegados\/\"},\"author\":{\"name\":\"a.khoury@addlab.it\",\"@id\":\"https:\/\/www.oncos.com\/es\/#\/schema\/person\/d9649ac4ee541335a132a4d800771d28\"},\"headline\":\"Efectos secundarios de la radioterapia para los allegados\",\"datePublished\":\"2023-09-07T15:24:58+00:00\",\"dateModified\":\"2023-09-07T15:24:58+00:00\",\"mainEntityOfPage\":{\"@id\":\"https:\/\/oncos.com\/es\/efectos-secundarios-de-la-radioterapia-para-los-allegados\/\"},\"wordCount\":479,\"commentCount\":0,\"publisher\":{\"@id\":\"https:\/\/www.oncos.com\/es\/#organization\"},\"keywords\":[\"Terapias\",\"Ver todos\"],\"inLanguage\":\"es-ES\",\"potentialAction\":[{\"@type\":\"CommentAction\",\"name\":\"Comment\",\"target\":[\"https:\/\/oncos.com\/es\/efectos-secundarios-de-la-radioterapia-para-los-allegados\/#respond\"]}]},{\"@type\":\"WebPage\",\"@id\":\"https:\/\/oncos.com\/es\/efectos-secundarios-de-la-radioterapia-para-los-allegados\/\",\"url\":\"https:\/\/oncos.com\/es\/efectos-secundarios-de-la-radioterapia-para-los-allegados\/\",\"name\":\"Efectos secundarios de la radioterapia para sus allegados - Oncos\",\"isPartOf\":{\"@id\":\"https:\/\/www.oncos.com\/es\/#website\"},\"datePublished\":\"2023-09-07T15:24:58+00:00\",\"dateModified\":\"2023-09-07T15:24:58+00:00\",\"description\":\"Efectos secundarios de la radioterapia para sus allegados. Inf\u00f3rmese con Oncos sobre los efectos de las terapias contra el c\u00e1ncer y c\u00f3mo cuidarlos.\",\"breadcrumb\":{\"@id\":\"https:\/\/oncos.com\/es\/efectos-secundarios-de-la-radioterapia-para-los-allegados\/#breadcrumb\"},\"inLanguage\":\"es-ES\",\"potentialAction\":[{\"@type\":\"ReadAction\",\"target\":[\"https:\/\/oncos.com\/es\/efectos-secundarios-de-la-radioterapia-para-los-allegados\/\"]}]},{\"@type\":\"BreadcrumbList\",\"@id\":\"https:\/\/oncos.com\/es\/efectos-secundarios-de-la-radioterapia-para-los-allegados\/#breadcrumb\",\"itemListElement\":[{\"@type\":\"ListItem\",\"position\":1,\"name\":\"Home\",\"item\":\"https:\/\/oncos.com\/es\/\"},{\"@type\":\"ListItem\",\"position\":2,\"name\":\"Efectos secundarios de la radioterapia para los allegados\"}]},{\"@type\":\"WebSite\",\"@id\":\"https:\/\/www.oncos.com\/es\/#website\",\"url\":\"https:\/\/www.oncos.com\/es\/\",\"name\":\"Oncos\",\"description\":\"\",\"publisher\":{\"@id\":\"https:\/\/www.oncos.com\/es\/#organization\"},\"potentialAction\":[{\"@type\":\"SearchAction\",\"target\":{\"@type\":\"EntryPoint\",\"urlTemplate\":\"https:\/\/www.oncos.com\/es\/?s={search_term_string}\"},\"query-input\":\"required name=search_term_string\"}],\"inLanguage\":\"es-ES\"},{\"@type\":\"Organization\",\"@id\":\"https:\/\/www.oncos.com\/es\/#organization\",\"name\":\"Oncos\",\"url\":\"https:\/\/www.oncos.com\/es\/\",\"logo\":{\"@type\":\"ImageObject\",\"inLanguage\":\"es-ES\",\"@id\":\"https:\/\/www.oncos.com\/es\/#\/schema\/logo\/image\/\",\"url\":\"https:\/\/oncos.com\/site\/uploads\/2023\/08\/logo.png\",\"contentUrl\":\"https:\/\/oncos.com\/site\/uploads\/2023\/08\/logo.png\",\"width\":693,\"height\":200,\"caption\":\"Oncos\"},\"image\":{\"@id\":\"https:\/\/www.oncos.com\/es\/#\/schema\/logo\/image\/\"},\"sameAs\":[\"https:\/\/www.facebook.com\/oncoscosmetica\",\"https:\/\/www.instagram.com\/oncos_cosmetici\/\"]},{\"@type\":\"Person\",\"@id\":\"https:\/\/www.oncos.com\/es\/#\/schema\/person\/d9649ac4ee541335a132a4d800771d28\",\"name\":\"a.khoury@addlab.it\",\"image\":{\"@type\":\"ImageObject\",\"inLanguage\":\"es-ES\",\"@id\":\"https:\/\/www.oncos.com\/es\/#\/schema\/person\/image\/\",\"url\":\"https:\/\/secure.gravatar.com\/avatar\/2fbb7a4ecbd6d240db01b926ab1aeda5?s=96&d=mm&r=g\",\"contentUrl\":\"https:\/\/secure.gravatar.com\/avatar\/2fbb7a4ecbd6d240db01b926ab1aeda5?s=96&d=mm&r=g\",\"caption\":\"a.khoury@addlab.it\"},\"sameAs\":[\"http:\/\/localhost\/wp-template\/wp\"],\"url\":\"https:\/\/oncos.com\/es\/author\/a-khouryaddlab-it\/\"}]}<\/script>\n<!-- \/ Yoast SEO plugin. -->","yoast_head_json":{"title":"Efectos secundarios de la radioterapia para sus allegados - Oncos","description":"Efectos secundarios de la radioterapia para sus allegados. Inf\u00f3rmese con Oncos sobre los efectos de las terapias contra el c\u00e1ncer y c\u00f3mo cuidarlos.","robots":{"index":"index","follow":"follow","max-snippet":"max-snippet:-1","max-image-preview":"max-image-preview:large","max-video-preview":"max-video-preview:-1"},"canonical":"https:\/\/oncos.com\/es\/efectos-secundarios-de-la-radioterapia-para-los-allegados\/","og_locale":"es_ES","og_type":"article","og_title":"Efectos secundarios de la radioterapia para sus allegados - Oncos","og_description":"Efectos secundarios de la radioterapia para sus allegados. Inf\u00f3rmese con Oncos sobre los efectos de las terapias contra el c\u00e1ncer y c\u00f3mo cuidarlos.","og_url":"https:\/\/oncos.com\/es\/efectos-secundarios-de-la-radioterapia-para-los-allegados\/","og_site_name":"Oncos","article_publisher":"https:\/\/www.facebook.com\/oncoscosmetica","article_published_time":"2023-09-07T15:24:58+00:00","og_image":[{"width":1500,"height":1000,"url":"https:\/\/oncos.com\/site\/uploads\/2023\/09\/Radioterapia-effetti-collaterali-per-chi-ti-sta-vicino.jpg","type":"image\/jpeg"}],"author":"a.khoury@addlab.it","twitter_card":"summary_large_image","twitter_misc":{"Written by":"a.khoury@addlab.it","Est. reading time":"2 minutes"},"schema":{"@context":"https:\/\/schema.org","@graph":[{"@type":"Article","@id":"https:\/\/oncos.com\/es\/efectos-secundarios-de-la-radioterapia-para-los-allegados\/#article","isPartOf":{"@id":"https:\/\/oncos.com\/es\/efectos-secundarios-de-la-radioterapia-para-los-allegados\/"},"author":{"name":"a.khoury@addlab.it","@id":"https:\/\/www.oncos.com\/es\/#\/schema\/person\/d9649ac4ee541335a132a4d800771d28"},"headline":"Efectos secundarios de la radioterapia para los allegados","datePublished":"2023-09-07T15:24:58+00:00","dateModified":"2023-09-07T15:24:58+00:00","mainEntityOfPage":{"@id":"https:\/\/oncos.com\/es\/efectos-secundarios-de-la-radioterapia-para-los-allegados\/"},"wordCount":479,"commentCount":0,"publisher":{"@id":"https:\/\/www.oncos.com\/es\/#organization"},"keywords":["Terapias","Ver todos"],"inLanguage":"es-ES","potentialAction":[{"@type":"CommentAction","name":"Comment","target":["https:\/\/oncos.com\/es\/efectos-secundarios-de-la-radioterapia-para-los-allegados\/#respond"]}]},{"@type":"WebPage","@id":"https:\/\/oncos.com\/es\/efectos-secundarios-de-la-radioterapia-para-los-allegados\/","url":"https:\/\/oncos.com\/es\/efectos-secundarios-de-la-radioterapia-para-los-allegados\/","name":"Efectos secundarios de la radioterapia para sus allegados - Oncos","isPartOf":{"@id":"https:\/\/www.oncos.com\/es\/#website"},"datePublished":"2023-09-07T15:24:58+00:00","dateModified":"2023-09-07T15:24:58+00:00","description":"Efectos secundarios de la radioterapia para sus allegados. Inf\u00f3rmese con Oncos sobre los efectos de las terapias contra el c\u00e1ncer y c\u00f3mo cuidarlos.","breadcrumb":{"@id":"https:\/\/oncos.com\/es\/efectos-secundarios-de-la-radioterapia-para-los-allegados\/#breadcrumb"},"inLanguage":"es-ES","potentialAction":[{"@type":"ReadAction","target":["https:\/\/oncos.com\/es\/efectos-secundarios-de-la-radioterapia-para-los-allegados\/"]}]},{"@type":"BreadcrumbList","@id":"https:\/\/oncos.com\/es\/efectos-secundarios-de-la-radioterapia-para-los-allegados\/#breadcrumb","itemListElement":[{"@type":"ListItem","position":1,"name":"Home","item":"https:\/\/oncos.com\/es\/"},{"@type":"ListItem","position":2,"name":"Efectos secundarios de la radioterapia para los allegados"}]},{"@type":"WebSite","@id":"https:\/\/www.oncos.com\/es\/#website","url":"https:\/\/www.oncos.com\/es\/","name":"Oncos","description":"","publisher":{"@id":"https:\/\/www.oncos.com\/es\/#organization"},"potentialAction":[{"@type":"SearchAction","target":{"@type":"EntryPoint","urlTemplate":"https:\/\/www.oncos.com\/es\/?s={search_term_string}"},"query-input":"required name=search_term_string"}],"inLanguage":"es-ES"},{"@type":"Organization","@id":"https:\/\/www.oncos.com\/es\/#organization","name":"Oncos","url":"https:\/\/www.oncos.com\/es\/","logo":{"@type":"ImageObject","inLanguage":"es-ES","@id":"https:\/\/www.oncos.com\/es\/#\/schema\/logo\/image\/","url":"https:\/\/oncos.com\/site\/uploads\/2023\/08\/logo.png","contentUrl":"https:\/\/oncos.com\/site\/uploads\/2023\/08\/logo.png","width":693,"height":200,"caption":"Oncos"},"image":{"@id":"https:\/\/www.oncos.com\/es\/#\/schema\/logo\/image\/"},"sameAs":["https:\/\/www.facebook.com\/oncoscosmetica","https:\/\/www.instagram.com\/oncos_cosmetici\/"]},{"@type":"Person","@id":"https:\/\/www.oncos.com\/es\/#\/schema\/person\/d9649ac4ee541335a132a4d800771d28","name":"a.khoury@addlab.it","image":{"@type":"ImageObject","inLanguage":"es-ES","@id":"https:\/\/www.oncos.com\/es\/#\/schema\/person\/image\/","url":"https:\/\/secure.gravatar.com\/avatar\/2fbb7a4ecbd6d240db01b926ab1aeda5?s=96&d=mm&r=g","contentUrl":"https:\/\/secure.gravatar.com\/avatar\/2fbb7a4ecbd6d240db01b926ab1aeda5?s=96&d=mm&r=g","caption":"a.khoury@addlab.it"},"sameAs":["http:\/\/localhost\/wp-template\/wp"],"url":"https:\/\/oncos.com\/es\/author\/a-khouryaddlab-it\/"}]}},"_links":{"self":[{"href":"https:\/\/oncos.com\/es\/wp-json\/wp\/v2\/posts\/10055"}],"collection":[{"href":"https:\/\/oncos.com\/es\/wp-json\/wp\/v2\/posts"}],"about":[{"href":"https:\/\/oncos.com\/es\/wp-json\/wp\/v2\/types\/post"}],"author":[{"embeddable":true,"href":"https:\/\/oncos.com\/es\/wp-json\/wp\/v2\/users\/1"}],"replies":[{"embeddable":true,"href":"https:\/\/oncos.com\/es\/wp-json\/wp\/v2\/comments?post=10055"}],"version-history":[{"count":0,"href":"https:\/\/oncos.com\/es\/wp-json\/wp\/v2\/posts\/10055\/revisions"}],"wp:featuredmedia":[{"embeddable":true,"href":"https:\/\/oncos.com\/es\/wp-json\/wp\/v2\/media\/10056"}],"wp:attachment":[{"href":"https:\/\/oncos.com\/es\/wp-json\/wp\/v2\/media?parent=10055"}],"wp:term":[{"taxonomy":"post_tag","embeddable":true,"href":"https:\/\/oncos.com\/es\/wp-json\/wp\/v2\/tags?post=10055"}],"curies":[{"name":"wp","href":"https:\/\/api.w.org\/{rel}","templated":true}]}}