{"id":10062,"date":"2023-09-09T07:37:55","date_gmt":"2023-09-09T07:37:55","guid":{"rendered":"https:\/\/oncos.com\/crema-posradioterapia-como-cuidar-la-piel\/"},"modified":"2024-03-19T14:33:02","modified_gmt":"2024-03-19T14:33:02","slug":"crema-posradioterapia-como-cuidar-la-piel","status":"publish","type":"post","link":"https:\/\/oncos.com\/es\/crema-posradioterapia-como-cuidar-la-piel\/","title":{"rendered":"Crema posradioterapia: c\u00f3mo cuidar la piel"},"content":{"rendered":"<p>El <strong>cuidado de la piel<\/strong> es esencial durante el tratamiento, pero tambi\u00e9n despu\u00e9s, de hecho siempre hay que aplicar una crema post-radioterapia, ya que los efectos secundarios cut\u00e1neos pueden ser a veces debilitantes y comprometer la calidad de vida del paciente. Las alteraciones cut\u00e1neas cambian la estructura natural de la piel, de hecho, adem\u00e1s de estar m\u00e1s d\u00e9bil, puede presentar: manchas, ampollas, picor, enrojecimiento, descamaci\u00f3n, etc.<\/p>\n<p>Siempre recomendamos un tratamiento cosm\u00e9tico <strong>antes<\/strong>, <strong>durante<\/strong> y <strong>despu\u00e9s<\/strong> de la radioterapia.<\/p>\n<p>Encontrar la crema adecuada para tratar su cuerpo no es f\u00e1cil; no obstante, lea siempre atentamente las etiquetas y conf\u00ede en su m\u00e9dico o farmac\u00e9utico.<\/p>\n<h2>\u00bfQu\u00e9 crema elegir para despu\u00e9s de la radioterapia?<\/h2>\n<p>Un tratamiento de belleza relajante y una crema espec\u00edfica para pieles sensibles son una panacea no s\u00f3lo para su cuerpo, sino tambi\u00e9n para su estado de \u00e1nimo. Te ayudan y apoyan para que vuelvas a sentirte parte de la &#8220;normalidad&#8221;. Esta es tambi\u00e9n la raz\u00f3n de ser de la l\u00ednea de cosm\u00e9ticos Oncos, productos formulados para restaurar y proteger la piel da\u00f1ada de los enfermos de c\u00e1ncer.<\/p>\n<p>Para aliviar la piel y ayudarla a regenerarse, recomendamos cremas ricas en:<\/p>\n<ul>\n<li>Manteca de karit\u00e9;<\/li>\n<li>Aceite de jojoba;<\/li>\n<li>Pimienta de Sichuan;<\/li>\n<li>Vitamina E;<\/li>\n<li>Aceites de almendras dulces y arroz;<\/li>\n<li>Extracto de T\u00e9 Verde y Melisa;<\/li>\n<li>\u00c1cido Hialur\u00f3nico;<\/li>\n<li>Queratina vegetal;<\/li>\n<li>Lactoferrina;<\/li>\n<li>Extracto de Avena;<\/li>\n<li>Glicerina y Pantenol;<\/li>\n<\/ul>\n<p>&#8230; \u00a1y muchos m\u00e1s! Por eso, el primer consejo a la hora de elegir una crema <strong>post radioterapia<\/strong> es leer siempre las etiquetas y prestar atenci\u00f3n a lo que contiene el producto.<\/p>\n<h2>Un producto ONCOS para el cuidado de la piel despu\u00e9s de la radioterapia<\/h2>\n<p>El <a href=\"https:\/\/oncos.com\/es\/productos\/aceite-seco-protector\/\">aceite protector seco<\/a> est\u00e1 dise\u00f1ado y formulado, a petici\u00f3n de muchos departamentos oncol\u00f3gicos, para proteger y mantener la zona afectada. Ayuda a prevenir y resolver las quemaduras por radioterapia en toda la zona del cuerpo. Su textura untuosa pero seca deja la piel extremadamente suave e hidratada con el paso del tiempo sin resultar grasa.<\/p>\n<p>Se aconseja su uso antes del inicio de la radioterapia, durante y sobre todo despu\u00e9s del tratamiento. Apl\u00edquelo hasta 6 veces al d\u00eda, lo suficiente para cubrir la zona a tratar.<\/p>\n<p>Masajear suavemente y dejar actuar durante 10 minutos. Es un producto que puede combinar con la <a href=\"https:\/\/oncos.com\/es\/productos\/crema-corporal-emoliente\/\">crema corporal<\/a> en casos m\u00e1s extremos.<\/p>\n","protected":false},"excerpt":{"rendered":"<p>El cuidado de la piel es esencial durante el tratamiento, pero tambi\u00e9n despu\u00e9s, de hecho siempre hay que aplicarse una crema despu\u00e9s de la radioterapia para prevenir los efectos secundarios cut\u00e1neos.<\/p>\n","protected":false},"author":1,"featured_media":10063,"comment_status":"open","ping_status":"open","sticky":false,"template":"","format":"standard","meta":{"footnotes":""},"tags":[99,100],"acf":[],"yoast_head":"<!-- This site is optimized with the Yoast SEO plugin v21.3 - https:\/\/yoast.com\/wordpress\/plugins\/seo\/ -->\n<title>Crema post-radioterapia: consejos - Oncos<\/title>\n<meta name=\"description\" content=\"Crema post radioterapia: remedios y consejos. Descubre ahora con Oncos c\u00f3mo cuidar tu piel post radioterapia con la crema adecuada.\" \/>\n<meta name=\"robots\" content=\"index, follow, max-snippet:-1, max-image-preview:large, max-video-preview:-1\" \/>\n<link rel=\"canonical\" href=\"https:\/\/oncos.com\/es\/crema-posradioterapia-como-cuidar-la-piel\/\" \/>\n<meta property=\"og:locale\" content=\"es_ES\" \/>\n<meta property=\"og:type\" content=\"article\" \/>\n<meta property=\"og:title\" content=\"Crema post-radioterapia: consejos - Oncos\" \/>\n<meta property=\"og:description\" content=\"Crema post radioterapia: remedios y consejos. Descubre ahora con Oncos c\u00f3mo cuidar tu piel post radioterapia con la crema adecuada.\" \/>\n<meta property=\"og:url\" content=\"https:\/\/oncos.com\/es\/crema-posradioterapia-como-cuidar-la-piel\/\" \/>\n<meta property=\"og:site_name\" content=\"Oncos\" \/>\n<meta property=\"article:publisher\" content=\"https:\/\/www.facebook.com\/oncoscosmetica\" \/>\n<meta property=\"article:published_time\" content=\"2023-09-09T07:37:55+00:00\" \/>\n<meta property=\"article:modified_time\" content=\"2024-03-19T14:33:02+00:00\" \/>\n<meta property=\"og:image\" content=\"https:\/\/oncos.com\/site\/uploads\/2023\/09\/crema-post-radioterapia.jpg\" \/>\n\t<meta property=\"og:image:width\" content=\"1500\" \/>\n\t<meta property=\"og:image:height\" content=\"1000\" \/>\n\t<meta property=\"og:image:type\" content=\"image\/jpeg\" \/>\n<meta name=\"author\" content=\"a.khoury@addlab.it\" \/>\n<meta name=\"twitter:card\" content=\"summary_large_image\" \/>\n<meta name=\"twitter:label1\" content=\"Written by\" \/>\n\t<meta name=\"twitter:data1\" content=\"a.khoury@addlab.it\" \/>\n\t<meta name=\"twitter:label2\" content=\"Est. reading time\" \/>\n\t<meta name=\"twitter:data2\" content=\"2 minutes\" \/>\n<script type=\"application\/ld+json\" class=\"yoast-schema-graph\">{\"@context\":\"https:\/\/schema.org\",\"@graph\":[{\"@type\":\"Article\",\"@id\":\"https:\/\/oncos.com\/es\/crema-posradioterapia-como-cuidar-la-piel\/#article\",\"isPartOf\":{\"@id\":\"https:\/\/oncos.com\/es\/crema-posradioterapia-como-cuidar-la-piel\/\"},\"author\":{\"name\":\"a.khoury@addlab.it\",\"@id\":\"https:\/\/www.oncos.com\/es\/#\/schema\/person\/d9649ac4ee541335a132a4d800771d28\"},\"headline\":\"Crema posradioterapia: c\u00f3mo cuidar la piel\",\"datePublished\":\"2023-09-09T07:37:55+00:00\",\"dateModified\":\"2024-03-19T14:33:02+00:00\",\"mainEntityOfPage\":{\"@id\":\"https:\/\/oncos.com\/es\/crema-posradioterapia-como-cuidar-la-piel\/\"},\"wordCount\":417,\"commentCount\":0,\"publisher\":{\"@id\":\"https:\/\/www.oncos.com\/es\/#organization\"},\"keywords\":[\"Mundo oncos\",\"Ver todos\"],\"inLanguage\":\"es-ES\",\"potentialAction\":[{\"@type\":\"CommentAction\",\"name\":\"Comment\",\"target\":[\"https:\/\/oncos.com\/es\/crema-posradioterapia-como-cuidar-la-piel\/#respond\"]}]},{\"@type\":\"WebPage\",\"@id\":\"https:\/\/oncos.com\/es\/crema-posradioterapia-como-cuidar-la-piel\/\",\"url\":\"https:\/\/oncos.com\/es\/crema-posradioterapia-como-cuidar-la-piel\/\",\"name\":\"Crema post-radioterapia: consejos - Oncos\",\"isPartOf\":{\"@id\":\"https:\/\/www.oncos.com\/es\/#website\"},\"datePublished\":\"2023-09-09T07:37:55+00:00\",\"dateModified\":\"2024-03-19T14:33:02+00:00\",\"description\":\"Crema post radioterapia: remedios y consejos. Descubre ahora con Oncos c\u00f3mo cuidar tu piel post radioterapia con la crema adecuada.\",\"breadcrumb\":{\"@id\":\"https:\/\/oncos.com\/es\/crema-posradioterapia-como-cuidar-la-piel\/#breadcrumb\"},\"inLanguage\":\"es-ES\",\"potentialAction\":[{\"@type\":\"ReadAction\",\"target\":[\"https:\/\/oncos.com\/es\/crema-posradioterapia-como-cuidar-la-piel\/\"]}]},{\"@type\":\"BreadcrumbList\",\"@id\":\"https:\/\/oncos.com\/es\/crema-posradioterapia-como-cuidar-la-piel\/#breadcrumb\",\"itemListElement\":[{\"@type\":\"ListItem\",\"position\":1,\"name\":\"Home\",\"item\":\"https:\/\/oncos.com\/es\/\"},{\"@type\":\"ListItem\",\"position\":2,\"name\":\"Crema posradioterapia: c\u00f3mo cuidar la piel\"}]},{\"@type\":\"WebSite\",\"@id\":\"https:\/\/www.oncos.com\/es\/#website\",\"url\":\"https:\/\/www.oncos.com\/es\/\",\"name\":\"Oncos\",\"description\":\"\",\"publisher\":{\"@id\":\"https:\/\/www.oncos.com\/es\/#organization\"},\"potentialAction\":[{\"@type\":\"SearchAction\",\"target\":{\"@type\":\"EntryPoint\",\"urlTemplate\":\"https:\/\/www.oncos.com\/es\/?s={search_term_string}\"},\"query-input\":\"required name=search_term_string\"}],\"inLanguage\":\"es-ES\"},{\"@type\":\"Organization\",\"@id\":\"https:\/\/www.oncos.com\/es\/#organization\",\"name\":\"Oncos\",\"url\":\"https:\/\/www.oncos.com\/es\/\",\"logo\":{\"@type\":\"ImageObject\",\"inLanguage\":\"es-ES\",\"@id\":\"https:\/\/www.oncos.com\/es\/#\/schema\/logo\/image\/\",\"url\":\"https:\/\/oncos.com\/site\/uploads\/2023\/08\/logo.png\",\"contentUrl\":\"https:\/\/oncos.com\/site\/uploads\/2023\/08\/logo.png\",\"width\":693,\"height\":200,\"caption\":\"Oncos\"},\"image\":{\"@id\":\"https:\/\/www.oncos.com\/es\/#\/schema\/logo\/image\/\"},\"sameAs\":[\"https:\/\/www.facebook.com\/oncoscosmetica\",\"https:\/\/www.instagram.com\/oncos_cosmetici\/\"]},{\"@type\":\"Person\",\"@id\":\"https:\/\/www.oncos.com\/es\/#\/schema\/person\/d9649ac4ee541335a132a4d800771d28\",\"name\":\"a.khoury@addlab.it\",\"image\":{\"@type\":\"ImageObject\",\"inLanguage\":\"es-ES\",\"@id\":\"https:\/\/www.oncos.com\/es\/#\/schema\/person\/image\/\",\"url\":\"https:\/\/secure.gravatar.com\/avatar\/2fbb7a4ecbd6d240db01b926ab1aeda5?s=96&d=mm&r=g\",\"contentUrl\":\"https:\/\/secure.gravatar.com\/avatar\/2fbb7a4ecbd6d240db01b926ab1aeda5?s=96&d=mm&r=g\",\"caption\":\"a.khoury@addlab.it\"},\"sameAs\":[\"http:\/\/localhost\/wp-template\/wp\"],\"url\":\"https:\/\/oncos.com\/es\/author\/a-khouryaddlab-it\/\"}]}<\/script>\n<!-- \/ Yoast SEO plugin. -->","yoast_head_json":{"title":"Crema post-radioterapia: consejos - Oncos","description":"Crema post radioterapia: remedios y consejos. Descubre ahora con Oncos c\u00f3mo cuidar tu piel post radioterapia con la crema adecuada.","robots":{"index":"index","follow":"follow","max-snippet":"max-snippet:-1","max-image-preview":"max-image-preview:large","max-video-preview":"max-video-preview:-1"},"canonical":"https:\/\/oncos.com\/es\/crema-posradioterapia-como-cuidar-la-piel\/","og_locale":"es_ES","og_type":"article","og_title":"Crema post-radioterapia: consejos - Oncos","og_description":"Crema post radioterapia: remedios y consejos. Descubre ahora con Oncos c\u00f3mo cuidar tu piel post radioterapia con la crema adecuada.","og_url":"https:\/\/oncos.com\/es\/crema-posradioterapia-como-cuidar-la-piel\/","og_site_name":"Oncos","article_publisher":"https:\/\/www.facebook.com\/oncoscosmetica","article_published_time":"2023-09-09T07:37:55+00:00","article_modified_time":"2024-03-19T14:33:02+00:00","og_image":[{"width":1500,"height":1000,"url":"https:\/\/oncos.com\/site\/uploads\/2023\/09\/crema-post-radioterapia.jpg","type":"image\/jpeg"}],"author":"a.khoury@addlab.it","twitter_card":"summary_large_image","twitter_misc":{"Written by":"a.khoury@addlab.it","Est. reading time":"2 minutes"},"schema":{"@context":"https:\/\/schema.org","@graph":[{"@type":"Article","@id":"https:\/\/oncos.com\/es\/crema-posradioterapia-como-cuidar-la-piel\/#article","isPartOf":{"@id":"https:\/\/oncos.com\/es\/crema-posradioterapia-como-cuidar-la-piel\/"},"author":{"name":"a.khoury@addlab.it","@id":"https:\/\/www.oncos.com\/es\/#\/schema\/person\/d9649ac4ee541335a132a4d800771d28"},"headline":"Crema posradioterapia: c\u00f3mo cuidar la piel","datePublished":"2023-09-09T07:37:55+00:00","dateModified":"2024-03-19T14:33:02+00:00","mainEntityOfPage":{"@id":"https:\/\/oncos.com\/es\/crema-posradioterapia-como-cuidar-la-piel\/"},"wordCount":417,"commentCount":0,"publisher":{"@id":"https:\/\/www.oncos.com\/es\/#organization"},"keywords":["Mundo oncos","Ver todos"],"inLanguage":"es-ES","potentialAction":[{"@type":"CommentAction","name":"Comment","target":["https:\/\/oncos.com\/es\/crema-posradioterapia-como-cuidar-la-piel\/#respond"]}]},{"@type":"WebPage","@id":"https:\/\/oncos.com\/es\/crema-posradioterapia-como-cuidar-la-piel\/","url":"https:\/\/oncos.com\/es\/crema-posradioterapia-como-cuidar-la-piel\/","name":"Crema post-radioterapia: consejos - Oncos","isPartOf":{"@id":"https:\/\/www.oncos.com\/es\/#website"},"datePublished":"2023-09-09T07:37:55+00:00","dateModified":"2024-03-19T14:33:02+00:00","description":"Crema post radioterapia: remedios y consejos. Descubre ahora con Oncos c\u00f3mo cuidar tu piel post radioterapia con la crema adecuada.","breadcrumb":{"@id":"https:\/\/oncos.com\/es\/crema-posradioterapia-como-cuidar-la-piel\/#breadcrumb"},"inLanguage":"es-ES","potentialAction":[{"@type":"ReadAction","target":["https:\/\/oncos.com\/es\/crema-posradioterapia-como-cuidar-la-piel\/"]}]},{"@type":"BreadcrumbList","@id":"https:\/\/oncos.com\/es\/crema-posradioterapia-como-cuidar-la-piel\/#breadcrumb","itemListElement":[{"@type":"ListItem","position":1,"name":"Home","item":"https:\/\/oncos.com\/es\/"},{"@type":"ListItem","position":2,"name":"Crema posradioterapia: c\u00f3mo cuidar la piel"}]},{"@type":"WebSite","@id":"https:\/\/www.oncos.com\/es\/#website","url":"https:\/\/www.oncos.com\/es\/","name":"Oncos","description":"","publisher":{"@id":"https:\/\/www.oncos.com\/es\/#organization"},"potentialAction":[{"@type":"SearchAction","target":{"@type":"EntryPoint","urlTemplate":"https:\/\/www.oncos.com\/es\/?s={search_term_string}"},"query-input":"required name=search_term_string"}],"inLanguage":"es-ES"},{"@type":"Organization","@id":"https:\/\/www.oncos.com\/es\/#organization","name":"Oncos","url":"https:\/\/www.oncos.com\/es\/","logo":{"@type":"ImageObject","inLanguage":"es-ES","@id":"https:\/\/www.oncos.com\/es\/#\/schema\/logo\/image\/","url":"https:\/\/oncos.com\/site\/uploads\/2023\/08\/logo.png","contentUrl":"https:\/\/oncos.com\/site\/uploads\/2023\/08\/logo.png","width":693,"height":200,"caption":"Oncos"},"image":{"@id":"https:\/\/www.oncos.com\/es\/#\/schema\/logo\/image\/"},"sameAs":["https:\/\/www.facebook.com\/oncoscosmetica","https:\/\/www.instagram.com\/oncos_cosmetici\/"]},{"@type":"Person","@id":"https:\/\/www.oncos.com\/es\/#\/schema\/person\/d9649ac4ee541335a132a4d800771d28","name":"a.khoury@addlab.it","image":{"@type":"ImageObject","inLanguage":"es-ES","@id":"https:\/\/www.oncos.com\/es\/#\/schema\/person\/image\/","url":"https:\/\/secure.gravatar.com\/avatar\/2fbb7a4ecbd6d240db01b926ab1aeda5?s=96&d=mm&r=g","contentUrl":"https:\/\/secure.gravatar.com\/avatar\/2fbb7a4ecbd6d240db01b926ab1aeda5?s=96&d=mm&r=g","caption":"a.khoury@addlab.it"},"sameAs":["http:\/\/localhost\/wp-template\/wp"],"url":"https:\/\/oncos.com\/es\/author\/a-khouryaddlab-it\/"}]}},"_links":{"self":[{"href":"https:\/\/oncos.com\/es\/wp-json\/wp\/v2\/posts\/10062"}],"collection":[{"href":"https:\/\/oncos.com\/es\/wp-json\/wp\/v2\/posts"}],"about":[{"href":"https:\/\/oncos.com\/es\/wp-json\/wp\/v2\/types\/post"}],"author":[{"embeddable":true,"href":"https:\/\/oncos.com\/es\/wp-json\/wp\/v2\/users\/1"}],"replies":[{"embeddable":true,"href":"https:\/\/oncos.com\/es\/wp-json\/wp\/v2\/comments?post=10062"}],"version-history":[{"count":1,"href":"https:\/\/oncos.com\/es\/wp-json\/wp\/v2\/posts\/10062\/revisions"}],"predecessor-version":[{"id":11090,"href":"https:\/\/oncos.com\/es\/wp-json\/wp\/v2\/posts\/10062\/revisions\/11090"}],"wp:featuredmedia":[{"embeddable":true,"href":"https:\/\/oncos.com\/es\/wp-json\/wp\/v2\/media\/10063"}],"wp:attachment":[{"href":"https:\/\/oncos.com\/es\/wp-json\/wp\/v2\/media?parent=10062"}],"wp:term":[{"taxonomy":"post_tag","embeddable":true,"href":"https:\/\/oncos.com\/es\/wp-json\/wp\/v2\/tags?post=10062"}],"curies":[{"name":"wp","href":"https:\/\/api.w.org\/{rel}","templated":true}]}}