{"id":17899,"date":"2024-08-01T07:47:03","date_gmt":"2024-08-01T07:47:03","guid":{"rendered":"https:\/\/oncos.com\/?p=17899"},"modified":"2024-08-01T07:54:17","modified_gmt":"2024-08-01T07:54:17","slug":"cuando-el-pelo-vuelve-a-crecer-despues-de-la-quimioterapia-que-esperar-durante-el-proceso-de-curacion","status":"publish","type":"post","link":"https:\/\/oncos.com\/es\/cuando-el-pelo-vuelve-a-crecer-despues-de-la-quimioterapia-que-esperar-durante-el-proceso-de-curacion\/","title":{"rendered":"Cuando el pelo vuelve a crecer despu\u00e9s de la quimioterapia: qu\u00e9 esperar durante el proceso de curaci\u00f3n"},"content":{"rendered":"<p>Uno de los momentos m\u00e1s esperados tras completar la quimioterapia es el retorno del crecimiento del cabello. Este signo de renacimiento suele ser un s\u00edmbolo de esperanza y curaci\u00f3n. Sin embargo, el proceso de crecimiento del cabello puede variar de una persona a otra. Esto es lo que debe esperar durante esta fase:<\/p>\n<h2>Tiempos individuales:<\/h2>\n<p>La velocidad a la que vuelve a crecer el pelo puede variar mucho de una persona a otra. Algunos pacientes notan los primeros signos de crecimiento tan pronto como unas semanas despu\u00e9s de finalizar la quimioterapia, mientras que otros pueden tardar varios meses. Tenga paciencia y conf\u00ede en que su pelo volver\u00e1 a crecer.<\/p>\n<h2>Textura y color diferentes:<\/h2>\n<p>El pelo que vuelve a crecer despu\u00e9s de la quimioterapia suele tener una textura diferente a la anterior. Puede ser m\u00e1s suave, rizado o incluso de otro color. Esto es completamente normal y debe aceptarse como parte del proceso de curaci\u00f3n.<\/p>\n<h2>Fase inicial de crecimiento:<\/h2>\n<p>Al principio, el pelo puede crecer muy fino y delicado. Esta fase se conoce como &#8220;pelo velloso&#8221; y puede durar varias semanas o meses. Durante este periodo, cuida tu cabello con suavidad, evitando tratamientos agresivos o productos qu\u00edmicos. El <a href=\"\/es\/productos\/aceite-seco-protector\/\">Aceite Seco Protector Oncos<\/a> tiene una formulaci\u00f3n suave y natural, y es ideal para el cabello sin pelo o con pelusa que pica y escama el cuero cabelludo.<\/p>\n<h2>Consejos para el cuidado del cabello:<\/h2>\n<p>Una vez que el cabello haya crecido lo suficiente como para requerir un cuidado regular, utilice productos suaves e hidratantes para lavarlo y cuidarlo. Evite el uso excesivo de calor (como secadores o planchas) y los tratamientos agresivos hasta que su cabello est\u00e9 totalmente regenerado. El <a href=\"\/es\/productos\/champu-de-ducha-suave\/\">Champ\u00fa de Ducha Suave Oncos<\/a> est\u00e1 dise\u00f1ado para limpiar la piel con suavidad. Ejerce una acci\u00f3n hidratante y reestructurante, al estar enriquecido con queratina y pantenol. El proceso de crecimiento del cabello puede ser emocionalmente intenso. Hable con su equipo m\u00e9dico o con un especialista en oncolog\u00eda para recibir apoyo psicol\u00f3gico durante esta fase de transici\u00f3n.<\/p>\n<p>No olvides nunca que la vuelta de tu cabello es un signo de fortaleza y resistencia. Celebre cada peque\u00f1o progreso y siga cuidando su belleza interior y exterior mientras atraviesa esta fase.<\/p>\n<p>Para m\u00e1s informaci\u00f3n sobre productos espec\u00edficos para el cuidado del cabello durante y despu\u00e9s de la quimioterapia, no dude en ponerse en contacto con nuestro equipo o consultar a su farmac\u00e9utico.<\/p>\n","protected":false},"excerpt":{"rendered":"<p>Uno de los momentos m\u00e1s esperados tras completar la quimioterapia es el retorno del crecimiento del cabello. <\/p>\n","protected":false},"author":1,"featured_media":17895,"comment_status":"open","ping_status":"open","sticky":false,"template":"","format":"standard","meta":{"footnotes":""},"tags":[103,100],"acf":[],"yoast_head":"<!-- This site is optimized with the Yoast SEO plugin v21.3 - https:\/\/yoast.com\/wordpress\/plugins\/seo\/ -->\n<title>Cuando el pelo vuelve a crecer despu\u00e9s de la quimioterapia: qu\u00e9 esperar durante el proceso de curaci\u00f3n - Oncos<\/title>\n<meta name=\"robots\" content=\"index, follow, max-snippet:-1, max-image-preview:large, max-video-preview:-1\" \/>\n<link rel=\"canonical\" href=\"https:\/\/oncos.com\/es\/cuando-el-pelo-vuelve-a-crecer-despues-de-la-quimioterapia-que-esperar-durante-el-proceso-de-curacion\/\" \/>\n<meta property=\"og:locale\" content=\"es_ES\" \/>\n<meta property=\"og:type\" content=\"article\" \/>\n<meta property=\"og:title\" content=\"Cuando el pelo vuelve a crecer despu\u00e9s de la quimioterapia: qu\u00e9 esperar durante el proceso de curaci\u00f3n - Oncos\" \/>\n<meta property=\"og:description\" content=\"Uno de los momentos m\u00e1s esperados tras completar la quimioterapia es el retorno del crecimiento del cabello.\" \/>\n<meta property=\"og:url\" content=\"https:\/\/oncos.com\/es\/cuando-el-pelo-vuelve-a-crecer-despues-de-la-quimioterapia-que-esperar-durante-el-proceso-de-curacion\/\" \/>\n<meta property=\"og:site_name\" content=\"Oncos\" \/>\n<meta property=\"article:publisher\" content=\"https:\/\/www.facebook.com\/oncoscosmetica\" \/>\n<meta property=\"article:published_time\" content=\"2024-08-01T07:47:03+00:00\" \/>\n<meta property=\"article:modified_time\" content=\"2024-08-01T07:54:17+00:00\" \/>\n<meta property=\"og:image\" content=\"https:\/\/oncos.com\/site\/uploads\/2024\/08\/capelli-dopo-la-chemioterapia.jpg\" \/>\n\t<meta property=\"og:image:width\" content=\"1200\" \/>\n\t<meta property=\"og:image:height\" content=\"1000\" \/>\n\t<meta property=\"og:image:type\" content=\"image\/jpeg\" \/>\n<meta name=\"author\" content=\"a.khoury@addlab.it\" \/>\n<meta name=\"twitter:card\" content=\"summary_large_image\" \/>\n<meta name=\"twitter:label1\" content=\"Written by\" \/>\n\t<meta name=\"twitter:data1\" content=\"a.khoury@addlab.it\" \/>\n\t<meta name=\"twitter:label2\" content=\"Est. reading time\" \/>\n\t<meta name=\"twitter:data2\" content=\"2 minutes\" \/>\n<script type=\"application\/ld+json\" class=\"yoast-schema-graph\">{\"@context\":\"https:\/\/schema.org\",\"@graph\":[{\"@type\":\"Article\",\"@id\":\"https:\/\/oncos.com\/es\/cuando-el-pelo-vuelve-a-crecer-despues-de-la-quimioterapia-que-esperar-durante-el-proceso-de-curacion\/#article\",\"isPartOf\":{\"@id\":\"https:\/\/oncos.com\/es\/cuando-el-pelo-vuelve-a-crecer-despues-de-la-quimioterapia-que-esperar-durante-el-proceso-de-curacion\/\"},\"author\":{\"name\":\"a.khoury@addlab.it\",\"@id\":\"https:\/\/www.oncos.com\/es\/#\/schema\/person\/d9649ac4ee541335a132a4d800771d28\"},\"headline\":\"Cuando el pelo vuelve a crecer despu\u00e9s de la quimioterapia: qu\u00e9 esperar durante el proceso de curaci\u00f3n\",\"datePublished\":\"2024-08-01T07:47:03+00:00\",\"dateModified\":\"2024-08-01T07:54:17+00:00\",\"mainEntityOfPage\":{\"@id\":\"https:\/\/oncos.com\/es\/cuando-el-pelo-vuelve-a-crecer-despues-de-la-quimioterapia-que-esperar-durante-el-proceso-de-curacion\/\"},\"wordCount\":437,\"commentCount\":0,\"publisher\":{\"@id\":\"https:\/\/www.oncos.com\/es\/#organization\"},\"keywords\":[\"Consejos y remedios\",\"Ver todos\"],\"inLanguage\":\"es-ES\",\"potentialAction\":[{\"@type\":\"CommentAction\",\"name\":\"Comment\",\"target\":[\"https:\/\/oncos.com\/es\/cuando-el-pelo-vuelve-a-crecer-despues-de-la-quimioterapia-que-esperar-durante-el-proceso-de-curacion\/#respond\"]}]},{\"@type\":\"WebPage\",\"@id\":\"https:\/\/oncos.com\/es\/cuando-el-pelo-vuelve-a-crecer-despues-de-la-quimioterapia-que-esperar-durante-el-proceso-de-curacion\/\",\"url\":\"https:\/\/oncos.com\/es\/cuando-el-pelo-vuelve-a-crecer-despues-de-la-quimioterapia-que-esperar-durante-el-proceso-de-curacion\/\",\"name\":\"Cuando el pelo vuelve a crecer despu\u00e9s de la quimioterapia: qu\u00e9 esperar durante el proceso de curaci\u00f3n - Oncos\",\"isPartOf\":{\"@id\":\"https:\/\/www.oncos.com\/es\/#website\"},\"datePublished\":\"2024-08-01T07:47:03+00:00\",\"dateModified\":\"2024-08-01T07:54:17+00:00\",\"breadcrumb\":{\"@id\":\"https:\/\/oncos.com\/es\/cuando-el-pelo-vuelve-a-crecer-despues-de-la-quimioterapia-que-esperar-durante-el-proceso-de-curacion\/#breadcrumb\"},\"inLanguage\":\"es-ES\",\"potentialAction\":[{\"@type\":\"ReadAction\",\"target\":[\"https:\/\/oncos.com\/es\/cuando-el-pelo-vuelve-a-crecer-despues-de-la-quimioterapia-que-esperar-durante-el-proceso-de-curacion\/\"]}]},{\"@type\":\"BreadcrumbList\",\"@id\":\"https:\/\/oncos.com\/es\/cuando-el-pelo-vuelve-a-crecer-despues-de-la-quimioterapia-que-esperar-durante-el-proceso-de-curacion\/#breadcrumb\",\"itemListElement\":[{\"@type\":\"ListItem\",\"position\":1,\"name\":\"Home\",\"item\":\"https:\/\/oncos.com\/es\/\"},{\"@type\":\"ListItem\",\"position\":2,\"name\":\"Cuando el pelo vuelve a crecer despu\u00e9s de la quimioterapia: qu\u00e9 esperar durante el proceso de curaci\u00f3n\"}]},{\"@type\":\"WebSite\",\"@id\":\"https:\/\/www.oncos.com\/es\/#website\",\"url\":\"https:\/\/www.oncos.com\/es\/\",\"name\":\"Oncos\",\"description\":\"\",\"publisher\":{\"@id\":\"https:\/\/www.oncos.com\/es\/#organization\"},\"potentialAction\":[{\"@type\":\"SearchAction\",\"target\":{\"@type\":\"EntryPoint\",\"urlTemplate\":\"https:\/\/www.oncos.com\/es\/?s={search_term_string}\"},\"query-input\":\"required name=search_term_string\"}],\"inLanguage\":\"es-ES\"},{\"@type\":\"Organization\",\"@id\":\"https:\/\/www.oncos.com\/es\/#organization\",\"name\":\"Oncos\",\"url\":\"https:\/\/www.oncos.com\/es\/\",\"logo\":{\"@type\":\"ImageObject\",\"inLanguage\":\"es-ES\",\"@id\":\"https:\/\/www.oncos.com\/es\/#\/schema\/logo\/image\/\",\"url\":\"https:\/\/oncos.com\/site\/uploads\/2023\/08\/logo.png\",\"contentUrl\":\"https:\/\/oncos.com\/site\/uploads\/2023\/08\/logo.png\",\"width\":693,\"height\":200,\"caption\":\"Oncos\"},\"image\":{\"@id\":\"https:\/\/www.oncos.com\/es\/#\/schema\/logo\/image\/\"},\"sameAs\":[\"https:\/\/www.facebook.com\/oncoscosmetica\",\"https:\/\/www.instagram.com\/oncos_cosmetici\/\"]},{\"@type\":\"Person\",\"@id\":\"https:\/\/www.oncos.com\/es\/#\/schema\/person\/d9649ac4ee541335a132a4d800771d28\",\"name\":\"a.khoury@addlab.it\",\"image\":{\"@type\":\"ImageObject\",\"inLanguage\":\"es-ES\",\"@id\":\"https:\/\/www.oncos.com\/es\/#\/schema\/person\/image\/\",\"url\":\"https:\/\/secure.gravatar.com\/avatar\/2fbb7a4ecbd6d240db01b926ab1aeda5?s=96&d=mm&r=g\",\"contentUrl\":\"https:\/\/secure.gravatar.com\/avatar\/2fbb7a4ecbd6d240db01b926ab1aeda5?s=96&d=mm&r=g\",\"caption\":\"a.khoury@addlab.it\"},\"sameAs\":[\"http:\/\/localhost\/wp-template\/wp\"],\"url\":\"https:\/\/oncos.com\/es\/author\/a-khouryaddlab-it\/\"}]}<\/script>\n<!-- \/ Yoast SEO plugin. -->","yoast_head_json":{"title":"Cuando el pelo vuelve a crecer despu\u00e9s de la quimioterapia: qu\u00e9 esperar durante el proceso de curaci\u00f3n - Oncos","robots":{"index":"index","follow":"follow","max-snippet":"max-snippet:-1","max-image-preview":"max-image-preview:large","max-video-preview":"max-video-preview:-1"},"canonical":"https:\/\/oncos.com\/es\/cuando-el-pelo-vuelve-a-crecer-despues-de-la-quimioterapia-que-esperar-durante-el-proceso-de-curacion\/","og_locale":"es_ES","og_type":"article","og_title":"Cuando el pelo vuelve a crecer despu\u00e9s de la quimioterapia: qu\u00e9 esperar durante el proceso de curaci\u00f3n - Oncos","og_description":"Uno de los momentos m\u00e1s esperados tras completar la quimioterapia es el retorno del crecimiento del cabello.","og_url":"https:\/\/oncos.com\/es\/cuando-el-pelo-vuelve-a-crecer-despues-de-la-quimioterapia-que-esperar-durante-el-proceso-de-curacion\/","og_site_name":"Oncos","article_publisher":"https:\/\/www.facebook.com\/oncoscosmetica","article_published_time":"2024-08-01T07:47:03+00:00","article_modified_time":"2024-08-01T07:54:17+00:00","og_image":[{"width":1200,"height":1000,"url":"https:\/\/oncos.com\/site\/uploads\/2024\/08\/capelli-dopo-la-chemioterapia.jpg","type":"image\/jpeg"}],"author":"a.khoury@addlab.it","twitter_card":"summary_large_image","twitter_misc":{"Written by":"a.khoury@addlab.it","Est. reading time":"2 minutes"},"schema":{"@context":"https:\/\/schema.org","@graph":[{"@type":"Article","@id":"https:\/\/oncos.com\/es\/cuando-el-pelo-vuelve-a-crecer-despues-de-la-quimioterapia-que-esperar-durante-el-proceso-de-curacion\/#article","isPartOf":{"@id":"https:\/\/oncos.com\/es\/cuando-el-pelo-vuelve-a-crecer-despues-de-la-quimioterapia-que-esperar-durante-el-proceso-de-curacion\/"},"author":{"name":"a.khoury@addlab.it","@id":"https:\/\/www.oncos.com\/es\/#\/schema\/person\/d9649ac4ee541335a132a4d800771d28"},"headline":"Cuando el pelo vuelve a crecer despu\u00e9s de la quimioterapia: qu\u00e9 esperar durante el proceso de curaci\u00f3n","datePublished":"2024-08-01T07:47:03+00:00","dateModified":"2024-08-01T07:54:17+00:00","mainEntityOfPage":{"@id":"https:\/\/oncos.com\/es\/cuando-el-pelo-vuelve-a-crecer-despues-de-la-quimioterapia-que-esperar-durante-el-proceso-de-curacion\/"},"wordCount":437,"commentCount":0,"publisher":{"@id":"https:\/\/www.oncos.com\/es\/#organization"},"keywords":["Consejos y remedios","Ver todos"],"inLanguage":"es-ES","potentialAction":[{"@type":"CommentAction","name":"Comment","target":["https:\/\/oncos.com\/es\/cuando-el-pelo-vuelve-a-crecer-despues-de-la-quimioterapia-que-esperar-durante-el-proceso-de-curacion\/#respond"]}]},{"@type":"WebPage","@id":"https:\/\/oncos.com\/es\/cuando-el-pelo-vuelve-a-crecer-despues-de-la-quimioterapia-que-esperar-durante-el-proceso-de-curacion\/","url":"https:\/\/oncos.com\/es\/cuando-el-pelo-vuelve-a-crecer-despues-de-la-quimioterapia-que-esperar-durante-el-proceso-de-curacion\/","name":"Cuando el pelo vuelve a crecer despu\u00e9s de la quimioterapia: qu\u00e9 esperar durante el proceso de curaci\u00f3n - Oncos","isPartOf":{"@id":"https:\/\/www.oncos.com\/es\/#website"},"datePublished":"2024-08-01T07:47:03+00:00","dateModified":"2024-08-01T07:54:17+00:00","breadcrumb":{"@id":"https:\/\/oncos.com\/es\/cuando-el-pelo-vuelve-a-crecer-despues-de-la-quimioterapia-que-esperar-durante-el-proceso-de-curacion\/#breadcrumb"},"inLanguage":"es-ES","potentialAction":[{"@type":"ReadAction","target":["https:\/\/oncos.com\/es\/cuando-el-pelo-vuelve-a-crecer-despues-de-la-quimioterapia-que-esperar-durante-el-proceso-de-curacion\/"]}]},{"@type":"BreadcrumbList","@id":"https:\/\/oncos.com\/es\/cuando-el-pelo-vuelve-a-crecer-despues-de-la-quimioterapia-que-esperar-durante-el-proceso-de-curacion\/#breadcrumb","itemListElement":[{"@type":"ListItem","position":1,"name":"Home","item":"https:\/\/oncos.com\/es\/"},{"@type":"ListItem","position":2,"name":"Cuando el pelo vuelve a crecer despu\u00e9s de la quimioterapia: qu\u00e9 esperar durante el proceso de curaci\u00f3n"}]},{"@type":"WebSite","@id":"https:\/\/www.oncos.com\/es\/#website","url":"https:\/\/www.oncos.com\/es\/","name":"Oncos","description":"","publisher":{"@id":"https:\/\/www.oncos.com\/es\/#organization"},"potentialAction":[{"@type":"SearchAction","target":{"@type":"EntryPoint","urlTemplate":"https:\/\/www.oncos.com\/es\/?s={search_term_string}"},"query-input":"required name=search_term_string"}],"inLanguage":"es-ES"},{"@type":"Organization","@id":"https:\/\/www.oncos.com\/es\/#organization","name":"Oncos","url":"https:\/\/www.oncos.com\/es\/","logo":{"@type":"ImageObject","inLanguage":"es-ES","@id":"https:\/\/www.oncos.com\/es\/#\/schema\/logo\/image\/","url":"https:\/\/oncos.com\/site\/uploads\/2023\/08\/logo.png","contentUrl":"https:\/\/oncos.com\/site\/uploads\/2023\/08\/logo.png","width":693,"height":200,"caption":"Oncos"},"image":{"@id":"https:\/\/www.oncos.com\/es\/#\/schema\/logo\/image\/"},"sameAs":["https:\/\/www.facebook.com\/oncoscosmetica","https:\/\/www.instagram.com\/oncos_cosmetici\/"]},{"@type":"Person","@id":"https:\/\/www.oncos.com\/es\/#\/schema\/person\/d9649ac4ee541335a132a4d800771d28","name":"a.khoury@addlab.it","image":{"@type":"ImageObject","inLanguage":"es-ES","@id":"https:\/\/www.oncos.com\/es\/#\/schema\/person\/image\/","url":"https:\/\/secure.gravatar.com\/avatar\/2fbb7a4ecbd6d240db01b926ab1aeda5?s=96&d=mm&r=g","contentUrl":"https:\/\/secure.gravatar.com\/avatar\/2fbb7a4ecbd6d240db01b926ab1aeda5?s=96&d=mm&r=g","caption":"a.khoury@addlab.it"},"sameAs":["http:\/\/localhost\/wp-template\/wp"],"url":"https:\/\/oncos.com\/es\/author\/a-khouryaddlab-it\/"}]}},"_links":{"self":[{"href":"https:\/\/oncos.com\/es\/wp-json\/wp\/v2\/posts\/17899"}],"collection":[{"href":"https:\/\/oncos.com\/es\/wp-json\/wp\/v2\/posts"}],"about":[{"href":"https:\/\/oncos.com\/es\/wp-json\/wp\/v2\/types\/post"}],"author":[{"embeddable":true,"href":"https:\/\/oncos.com\/es\/wp-json\/wp\/v2\/users\/1"}],"replies":[{"embeddable":true,"href":"https:\/\/oncos.com\/es\/wp-json\/wp\/v2\/comments?post=17899"}],"version-history":[{"count":2,"href":"https:\/\/oncos.com\/es\/wp-json\/wp\/v2\/posts\/17899\/revisions"}],"predecessor-version":[{"id":17914,"href":"https:\/\/oncos.com\/es\/wp-json\/wp\/v2\/posts\/17899\/revisions\/17914"}],"wp:featuredmedia":[{"embeddable":true,"href":"https:\/\/oncos.com\/es\/wp-json\/wp\/v2\/media\/17895"}],"wp:attachment":[{"href":"https:\/\/oncos.com\/es\/wp-json\/wp\/v2\/media?parent=17899"}],"wp:term":[{"taxonomy":"post_tag","embeddable":true,"href":"https:\/\/oncos.com\/es\/wp-json\/wp\/v2\/tags?post=17899"}],"curies":[{"name":"wp","href":"https:\/\/api.w.org\/{rel}","templated":true}]}}