{"id":9469,"date":"2023-09-29T20:35:04","date_gmt":"2023-09-29T20:35:04","guid":{"rendered":"https:\/\/oncos.com\/radioterapia-paliativa-cuanto-dura-y-en-que-consiste\/"},"modified":"2024-03-18T09:37:08","modified_gmt":"2024-03-18T09:37:08","slug":"radioterapia-paliativa-cuanto-dura-y-en-que-consiste","status":"publish","type":"post","link":"https:\/\/oncos.com\/es\/radioterapia-paliativa-cuanto-dura-y-en-que-consiste\/","title":{"rendered":"Radioterapia paliativa: cu\u00e1nto dura y en qu\u00e9 consiste"},"content":{"rendered":"<p>\u00bfCu\u00e1nto dura la radioterapia paliativa? Esta es una de las preguntas m\u00e1s frecuentes. Pero antes de comprender cu\u00e1nto dura la radioterapia paliativa, es mejor entender qu\u00e9 es.<\/p>\n<h2>\u00bfQu\u00e9 es la radioterapia paliativa?<\/h2>\n<p>Una forma de tratamiento m\u00e9dico que pretende mejorar la calidad de vida de los pacientes con c\u00e1ncer avanzado. A diferencia de la radioterapia curativa, la radioterapia paliativa pretende aliviar los s\u00edntomas, reducir el dolor y mejorar el confort del paciente. Eso s\u00ed, sin pretender la recuperaci\u00f3n completa.<\/p>\n<p>Por tanto, es una forma de tratamiento m\u00e9dico que pretende mejorar la calidad de vida de los pacientes con c\u00e1ncer avanzado. A diferencia de la terapia curativa, la paliativa pretende aliviar los s\u00edntomas, reducir el dolor y mejorar la comodidad del paciente sin pretender su recuperaci\u00f3n completa.<\/p>\n<h2>\u00bfCu\u00e1nto dura la Radioterapia Paliativa?<\/h2>\n<p>La duraci\u00f3n de la radioterapia paliativa puede variar en funci\u00f3n del tipo de tumor, el estado del paciente y los objetivos terap\u00e9uticos. A diferencia de la curativa, que tiene lugar a lo largo de varias semanas, la paliativa puede completarse en un n\u00famero menor de sesiones. En algunos casos, una o dos sesiones pueden ser suficientes, mientras que en otros, el tratamiento puede durar varias semanas. Quiz\u00e1 le interese el art\u00edculo <a href=\"\/es\/cuanto-dura-la-radioterapia\/\">\u00bfCu\u00e1nto dura la radioterapia?<\/a>.<\/p>\n<h2>Finalidad y ventajas de la radioterapia paliativa<\/h2>\n<p>Este tipo de radioterapia es \u00fatil para tratar una serie de s\u00edntomas y complicaciones asociados a los c\u00e1nceres avanzados. Puede utilizarse para reducir el tama\u00f1o de tumores que causan obstrucci\u00f3n o presi\u00f3n sobre \u00f3rganos vitales. De este modo se mejora la respiraci\u00f3n o el funcionamiento de los \u00f3rganos. Adem\u00e1s, la terapia paliativa puede ayudar a reducir el dolor causado por tumores o met\u00e1stasis \u00f3seas.<\/p>\n<h2>Los principales objetivos de la terapia son:<\/h2>\n<ul>\n<li>Reducci\u00f3n del dolor y de los s\u00edntomas asociados a la enfermedad;<\/li>\n<li>Mejora de la funcionalidad y la calidad de vida;<\/li>\n<li>Ayuda para tratar las complicaciones derivadas del crecimiento tumoral;<\/li>\n<li>Proporcionar apoyo para el bienestar psicol\u00f3gico del paciente y sus familiares.<\/li>\n<\/ul>\n<p>En esencia, este tipo de radioterapia es un tratamiento destinado a mejorar la calidad de vida de los pacientes con c\u00e1nceres avanzados o terminales. \u00bfCu\u00e1nto dura la radioterapia paliativa? La duraci\u00f3n puede variar, pero el objetivo principal es proporcionar confort y alivio de los s\u00edntomas. Con el apoyo m\u00e9dico y psicol\u00f3gico adecuado, esta terapia puede ayudar a los pacientes a vivir mejor y m\u00e1s c\u00f3modamente durante su enfermedad.<\/p>\n","protected":false},"excerpt":{"rendered":"<p>\u00bfCu\u00e1nto dura la radioterapia paliativa? Esta es una de las preguntas m\u00e1s frecuentes. Pero antes de comprender cu\u00e1nto dura la radioterapia paliativa, es mejor entender qu\u00e9 es.<\/p>\n","protected":false},"author":1,"featured_media":9470,"comment_status":"open","ping_status":"open","sticky":false,"template":"","format":"standard","meta":{"footnotes":""},"tags":[102,100],"acf":[],"yoast_head":"<!-- This site is optimized with the Yoast SEO plugin v21.3 - https:\/\/yoast.com\/wordpress\/plugins\/seo\/ -->\n<title>Radioterapia paliativa: cu\u00e1nto dura y en qu\u00e9 consiste - Oncos<\/title>\n<meta name=\"description\" content=\"Radioterapia paliativa: cu\u00e1nto dura y qu\u00e9 es. Descubra con Oncos qu\u00e9 es la radioterapia paliativa y su eficacia y casos pr\u00e1cticos. M\u00e1s informaci\u00f3n.\" \/>\n<meta name=\"robots\" content=\"index, follow, max-snippet:-1, max-image-preview:large, max-video-preview:-1\" \/>\n<link rel=\"canonical\" href=\"https:\/\/oncos.com\/es\/radioterapia-paliativa-cuanto-dura-y-en-que-consiste\/\" \/>\n<meta property=\"og:locale\" content=\"es_ES\" \/>\n<meta property=\"og:type\" content=\"article\" \/>\n<meta property=\"og:title\" content=\"Radioterapia paliativa: cu\u00e1nto dura y en qu\u00e9 consiste - Oncos\" \/>\n<meta property=\"og:description\" content=\"Radioterapia paliativa: cu\u00e1nto dura y qu\u00e9 es. Descubra con Oncos qu\u00e9 es la radioterapia paliativa y su eficacia y casos pr\u00e1cticos. M\u00e1s informaci\u00f3n.\" \/>\n<meta property=\"og:url\" content=\"https:\/\/oncos.com\/es\/radioterapia-paliativa-cuanto-dura-y-en-que-consiste\/\" \/>\n<meta property=\"og:site_name\" content=\"Oncos\" \/>\n<meta property=\"article:publisher\" content=\"https:\/\/www.facebook.com\/oncoscosmetica\" \/>\n<meta property=\"article:published_time\" content=\"2023-09-29T20:35:04+00:00\" \/>\n<meta property=\"article:modified_time\" content=\"2024-03-18T09:37:08+00:00\" \/>\n<meta property=\"og:image\" content=\"https:\/\/oncos.com\/site\/uploads\/2023\/08\/Radioterapia-Palliativa-quanto-dura-e-cose.jpg\" \/>\n\t<meta property=\"og:image:width\" content=\"1500\" \/>\n\t<meta property=\"og:image:height\" content=\"1000\" \/>\n\t<meta property=\"og:image:type\" content=\"image\/jpeg\" \/>\n<meta name=\"author\" content=\"a.khoury@addlab.it\" \/>\n<meta name=\"twitter:card\" content=\"summary_large_image\" \/>\n<meta name=\"twitter:label1\" content=\"Written by\" \/>\n\t<meta name=\"twitter:data1\" content=\"a.khoury@addlab.it\" \/>\n\t<meta name=\"twitter:label2\" content=\"Est. reading time\" \/>\n\t<meta name=\"twitter:data2\" content=\"2 minutes\" \/>\n<script type=\"application\/ld+json\" class=\"yoast-schema-graph\">{\"@context\":\"https:\/\/schema.org\",\"@graph\":[{\"@type\":\"Article\",\"@id\":\"https:\/\/oncos.com\/es\/radioterapia-paliativa-cuanto-dura-y-en-que-consiste\/#article\",\"isPartOf\":{\"@id\":\"https:\/\/oncos.com\/es\/radioterapia-paliativa-cuanto-dura-y-en-que-consiste\/\"},\"author\":{\"name\":\"a.khoury@addlab.it\",\"@id\":\"https:\/\/www.oncos.com\/es\/#\/schema\/person\/d9649ac4ee541335a132a4d800771d28\"},\"headline\":\"Radioterapia paliativa: cu\u00e1nto dura y en qu\u00e9 consiste\",\"datePublished\":\"2023-09-29T20:35:04+00:00\",\"dateModified\":\"2024-03-18T09:37:08+00:00\",\"mainEntityOfPage\":{\"@id\":\"https:\/\/oncos.com\/es\/radioterapia-paliativa-cuanto-dura-y-en-que-consiste\/\"},\"wordCount\":438,\"commentCount\":0,\"publisher\":{\"@id\":\"https:\/\/www.oncos.com\/es\/#organization\"},\"keywords\":[\"Terapias\",\"Ver todos\"],\"inLanguage\":\"es-ES\",\"potentialAction\":[{\"@type\":\"CommentAction\",\"name\":\"Comment\",\"target\":[\"https:\/\/oncos.com\/es\/radioterapia-paliativa-cuanto-dura-y-en-que-consiste\/#respond\"]}]},{\"@type\":\"WebPage\",\"@id\":\"https:\/\/oncos.com\/es\/radioterapia-paliativa-cuanto-dura-y-en-que-consiste\/\",\"url\":\"https:\/\/oncos.com\/es\/radioterapia-paliativa-cuanto-dura-y-en-que-consiste\/\",\"name\":\"Radioterapia paliativa: cu\u00e1nto dura y en qu\u00e9 consiste - Oncos\",\"isPartOf\":{\"@id\":\"https:\/\/www.oncos.com\/es\/#website\"},\"datePublished\":\"2023-09-29T20:35:04+00:00\",\"dateModified\":\"2024-03-18T09:37:08+00:00\",\"description\":\"Radioterapia paliativa: cu\u00e1nto dura y qu\u00e9 es. Descubra con Oncos qu\u00e9 es la radioterapia paliativa y su eficacia y casos pr\u00e1cticos. M\u00e1s informaci\u00f3n.\",\"breadcrumb\":{\"@id\":\"https:\/\/oncos.com\/es\/radioterapia-paliativa-cuanto-dura-y-en-que-consiste\/#breadcrumb\"},\"inLanguage\":\"es-ES\",\"potentialAction\":[{\"@type\":\"ReadAction\",\"target\":[\"https:\/\/oncos.com\/es\/radioterapia-paliativa-cuanto-dura-y-en-que-consiste\/\"]}]},{\"@type\":\"BreadcrumbList\",\"@id\":\"https:\/\/oncos.com\/es\/radioterapia-paliativa-cuanto-dura-y-en-que-consiste\/#breadcrumb\",\"itemListElement\":[{\"@type\":\"ListItem\",\"position\":1,\"name\":\"Home\",\"item\":\"https:\/\/oncos.com\/es\/\"},{\"@type\":\"ListItem\",\"position\":2,\"name\":\"Radioterapia paliativa: cu\u00e1nto dura y en qu\u00e9 consiste\"}]},{\"@type\":\"WebSite\",\"@id\":\"https:\/\/www.oncos.com\/es\/#website\",\"url\":\"https:\/\/www.oncos.com\/es\/\",\"name\":\"Oncos\",\"description\":\"\",\"publisher\":{\"@id\":\"https:\/\/www.oncos.com\/es\/#organization\"},\"potentialAction\":[{\"@type\":\"SearchAction\",\"target\":{\"@type\":\"EntryPoint\",\"urlTemplate\":\"https:\/\/www.oncos.com\/es\/?s={search_term_string}\"},\"query-input\":\"required name=search_term_string\"}],\"inLanguage\":\"es-ES\"},{\"@type\":\"Organization\",\"@id\":\"https:\/\/www.oncos.com\/es\/#organization\",\"name\":\"Oncos\",\"url\":\"https:\/\/www.oncos.com\/es\/\",\"logo\":{\"@type\":\"ImageObject\",\"inLanguage\":\"es-ES\",\"@id\":\"https:\/\/www.oncos.com\/es\/#\/schema\/logo\/image\/\",\"url\":\"https:\/\/oncos.com\/site\/uploads\/2023\/08\/logo.png\",\"contentUrl\":\"https:\/\/oncos.com\/site\/uploads\/2023\/08\/logo.png\",\"width\":693,\"height\":200,\"caption\":\"Oncos\"},\"image\":{\"@id\":\"https:\/\/www.oncos.com\/es\/#\/schema\/logo\/image\/\"},\"sameAs\":[\"https:\/\/www.facebook.com\/oncoscosmetica\",\"https:\/\/www.instagram.com\/oncos_cosmetici\/\"]},{\"@type\":\"Person\",\"@id\":\"https:\/\/www.oncos.com\/es\/#\/schema\/person\/d9649ac4ee541335a132a4d800771d28\",\"name\":\"a.khoury@addlab.it\",\"image\":{\"@type\":\"ImageObject\",\"inLanguage\":\"es-ES\",\"@id\":\"https:\/\/www.oncos.com\/es\/#\/schema\/person\/image\/\",\"url\":\"https:\/\/secure.gravatar.com\/avatar\/2fbb7a4ecbd6d240db01b926ab1aeda5?s=96&d=mm&r=g\",\"contentUrl\":\"https:\/\/secure.gravatar.com\/avatar\/2fbb7a4ecbd6d240db01b926ab1aeda5?s=96&d=mm&r=g\",\"caption\":\"a.khoury@addlab.it\"},\"sameAs\":[\"http:\/\/localhost\/wp-template\/wp\"],\"url\":\"https:\/\/oncos.com\/es\/author\/a-khouryaddlab-it\/\"}]}<\/script>\n<!-- \/ Yoast SEO plugin. -->","yoast_head_json":{"title":"Radioterapia paliativa: cu\u00e1nto dura y en qu\u00e9 consiste - Oncos","description":"Radioterapia paliativa: cu\u00e1nto dura y qu\u00e9 es. Descubra con Oncos qu\u00e9 es la radioterapia paliativa y su eficacia y casos pr\u00e1cticos. M\u00e1s informaci\u00f3n.","robots":{"index":"index","follow":"follow","max-snippet":"max-snippet:-1","max-image-preview":"max-image-preview:large","max-video-preview":"max-video-preview:-1"},"canonical":"https:\/\/oncos.com\/es\/radioterapia-paliativa-cuanto-dura-y-en-que-consiste\/","og_locale":"es_ES","og_type":"article","og_title":"Radioterapia paliativa: cu\u00e1nto dura y en qu\u00e9 consiste - Oncos","og_description":"Radioterapia paliativa: cu\u00e1nto dura y qu\u00e9 es. Descubra con Oncos qu\u00e9 es la radioterapia paliativa y su eficacia y casos pr\u00e1cticos. M\u00e1s informaci\u00f3n.","og_url":"https:\/\/oncos.com\/es\/radioterapia-paliativa-cuanto-dura-y-en-que-consiste\/","og_site_name":"Oncos","article_publisher":"https:\/\/www.facebook.com\/oncoscosmetica","article_published_time":"2023-09-29T20:35:04+00:00","article_modified_time":"2024-03-18T09:37:08+00:00","og_image":[{"width":1500,"height":1000,"url":"https:\/\/oncos.com\/site\/uploads\/2023\/08\/Radioterapia-Palliativa-quanto-dura-e-cose.jpg","type":"image\/jpeg"}],"author":"a.khoury@addlab.it","twitter_card":"summary_large_image","twitter_misc":{"Written by":"a.khoury@addlab.it","Est. reading time":"2 minutes"},"schema":{"@context":"https:\/\/schema.org","@graph":[{"@type":"Article","@id":"https:\/\/oncos.com\/es\/radioterapia-paliativa-cuanto-dura-y-en-que-consiste\/#article","isPartOf":{"@id":"https:\/\/oncos.com\/es\/radioterapia-paliativa-cuanto-dura-y-en-que-consiste\/"},"author":{"name":"a.khoury@addlab.it","@id":"https:\/\/www.oncos.com\/es\/#\/schema\/person\/d9649ac4ee541335a132a4d800771d28"},"headline":"Radioterapia paliativa: cu\u00e1nto dura y en qu\u00e9 consiste","datePublished":"2023-09-29T20:35:04+00:00","dateModified":"2024-03-18T09:37:08+00:00","mainEntityOfPage":{"@id":"https:\/\/oncos.com\/es\/radioterapia-paliativa-cuanto-dura-y-en-que-consiste\/"},"wordCount":438,"commentCount":0,"publisher":{"@id":"https:\/\/www.oncos.com\/es\/#organization"},"keywords":["Terapias","Ver todos"],"inLanguage":"es-ES","potentialAction":[{"@type":"CommentAction","name":"Comment","target":["https:\/\/oncos.com\/es\/radioterapia-paliativa-cuanto-dura-y-en-que-consiste\/#respond"]}]},{"@type":"WebPage","@id":"https:\/\/oncos.com\/es\/radioterapia-paliativa-cuanto-dura-y-en-que-consiste\/","url":"https:\/\/oncos.com\/es\/radioterapia-paliativa-cuanto-dura-y-en-que-consiste\/","name":"Radioterapia paliativa: cu\u00e1nto dura y en qu\u00e9 consiste - Oncos","isPartOf":{"@id":"https:\/\/www.oncos.com\/es\/#website"},"datePublished":"2023-09-29T20:35:04+00:00","dateModified":"2024-03-18T09:37:08+00:00","description":"Radioterapia paliativa: cu\u00e1nto dura y qu\u00e9 es. Descubra con Oncos qu\u00e9 es la radioterapia paliativa y su eficacia y casos pr\u00e1cticos. M\u00e1s informaci\u00f3n.","breadcrumb":{"@id":"https:\/\/oncos.com\/es\/radioterapia-paliativa-cuanto-dura-y-en-que-consiste\/#breadcrumb"},"inLanguage":"es-ES","potentialAction":[{"@type":"ReadAction","target":["https:\/\/oncos.com\/es\/radioterapia-paliativa-cuanto-dura-y-en-que-consiste\/"]}]},{"@type":"BreadcrumbList","@id":"https:\/\/oncos.com\/es\/radioterapia-paliativa-cuanto-dura-y-en-que-consiste\/#breadcrumb","itemListElement":[{"@type":"ListItem","position":1,"name":"Home","item":"https:\/\/oncos.com\/es\/"},{"@type":"ListItem","position":2,"name":"Radioterapia paliativa: cu\u00e1nto dura y en qu\u00e9 consiste"}]},{"@type":"WebSite","@id":"https:\/\/www.oncos.com\/es\/#website","url":"https:\/\/www.oncos.com\/es\/","name":"Oncos","description":"","publisher":{"@id":"https:\/\/www.oncos.com\/es\/#organization"},"potentialAction":[{"@type":"SearchAction","target":{"@type":"EntryPoint","urlTemplate":"https:\/\/www.oncos.com\/es\/?s={search_term_string}"},"query-input":"required name=search_term_string"}],"inLanguage":"es-ES"},{"@type":"Organization","@id":"https:\/\/www.oncos.com\/es\/#organization","name":"Oncos","url":"https:\/\/www.oncos.com\/es\/","logo":{"@type":"ImageObject","inLanguage":"es-ES","@id":"https:\/\/www.oncos.com\/es\/#\/schema\/logo\/image\/","url":"https:\/\/oncos.com\/site\/uploads\/2023\/08\/logo.png","contentUrl":"https:\/\/oncos.com\/site\/uploads\/2023\/08\/logo.png","width":693,"height":200,"caption":"Oncos"},"image":{"@id":"https:\/\/www.oncos.com\/es\/#\/schema\/logo\/image\/"},"sameAs":["https:\/\/www.facebook.com\/oncoscosmetica","https:\/\/www.instagram.com\/oncos_cosmetici\/"]},{"@type":"Person","@id":"https:\/\/www.oncos.com\/es\/#\/schema\/person\/d9649ac4ee541335a132a4d800771d28","name":"a.khoury@addlab.it","image":{"@type":"ImageObject","inLanguage":"es-ES","@id":"https:\/\/www.oncos.com\/es\/#\/schema\/person\/image\/","url":"https:\/\/secure.gravatar.com\/avatar\/2fbb7a4ecbd6d240db01b926ab1aeda5?s=96&d=mm&r=g","contentUrl":"https:\/\/secure.gravatar.com\/avatar\/2fbb7a4ecbd6d240db01b926ab1aeda5?s=96&d=mm&r=g","caption":"a.khoury@addlab.it"},"sameAs":["http:\/\/localhost\/wp-template\/wp"],"url":"https:\/\/oncos.com\/es\/author\/a-khouryaddlab-it\/"}]}},"_links":{"self":[{"href":"https:\/\/oncos.com\/es\/wp-json\/wp\/v2\/posts\/9469"}],"collection":[{"href":"https:\/\/oncos.com\/es\/wp-json\/wp\/v2\/posts"}],"about":[{"href":"https:\/\/oncos.com\/es\/wp-json\/wp\/v2\/types\/post"}],"author":[{"embeddable":true,"href":"https:\/\/oncos.com\/es\/wp-json\/wp\/v2\/users\/1"}],"replies":[{"embeddable":true,"href":"https:\/\/oncos.com\/es\/wp-json\/wp\/v2\/comments?post=9469"}],"version-history":[{"count":1,"href":"https:\/\/oncos.com\/es\/wp-json\/wp\/v2\/posts\/9469\/revisions"}],"predecessor-version":[{"id":10932,"href":"https:\/\/oncos.com\/es\/wp-json\/wp\/v2\/posts\/9469\/revisions\/10932"}],"wp:featuredmedia":[{"embeddable":true,"href":"https:\/\/oncos.com\/es\/wp-json\/wp\/v2\/media\/9470"}],"wp:attachment":[{"href":"https:\/\/oncos.com\/es\/wp-json\/wp\/v2\/media?parent=9469"}],"wp:term":[{"taxonomy":"post_tag","embeddable":true,"href":"https:\/\/oncos.com\/es\/wp-json\/wp\/v2\/tags?post=9469"}],"curies":[{"name":"wp","href":"https:\/\/api.w.org\/{rel}","templated":true}]}}