{"id":9471,"date":"2023-09-29T20:24:23","date_gmt":"2023-09-29T20:24:23","guid":{"rendered":"https:\/\/oncos.com\/efectos-secundarios-de-la-radioterapia-pulmonar\/"},"modified":"2024-03-18T09:37:50","modified_gmt":"2024-03-18T09:37:50","slug":"efectos-secundarios-de-la-radioterapia-pulmonar","status":"publish","type":"post","link":"https:\/\/oncos.com\/es\/efectos-secundarios-de-la-radioterapia-pulmonar\/","title":{"rendered":"Efectos secundarios de la radioterapia pulmonar"},"content":{"rendered":"<p>La radioterapia pulmonar es un tratamiento m\u00e9dico utilizado para tratar diversas afecciones del pulm\u00f3n, como el c\u00e1ncer de pulm\u00f3n y otras enfermedades pulmonares. Durante este tratamiento, se dirige radiaci\u00f3n ionizante a la zona afectada del pulm\u00f3n, con el objetivo de destruir las c\u00e9lulas cancerosas y reducir su crecimiento. Sin embargo, como ocurre con muchos tratamientos contra el c\u00e1ncer, la radioterapia pulmonar puede tener importantes efectos secundarios.<\/p>\n<h2>Efectos secundarios frecuentes de la radioterapia pulmonar<\/h2>\n<p>Los efectos secundarios de la radioterapia pulmonar pueden variar de una persona a otra, pero algunos s\u00edntomas comunes incluyen fatiga, irritaci\u00f3n de la piel en la zona tratada, tos, dificultades respiratorias e irritaci\u00f3n de garganta. Algunos pacientes pueden experimentar n\u00e1useas, p\u00e9rdida de apetito y cambios en el gusto. Es importante recordar que estos s\u00edntomas suelen ser temporales y que el m\u00e9dico seguir\u00e1 de cerca al paciente durante todo el tratamiento para controlar mejor los efectos secundarios de la radioterapia pulmonar.<\/p>\n<h2>C\u00f3mo controlar los efectos secundarios durante el tratamiento<\/h2>\n<p>Para controlar los efectos secundarios de la radioterapia pulmonar, el paciente debe seguir cuidadosamente las instrucciones del m\u00e9dico y del personal sanitario. Es esencial informar r\u00e1pidamente de cualquier cambio en los s\u00edntomas o nuevas molestias que puedan surgir durante el tratamiento. Algunas precauciones pr\u00e1cticas, como evitar la exposici\u00f3n al humo del tabaco y a contaminantes atmosf\u00e9ricos, pueden ayudar a reducir el riesgo de complicaciones.<\/p>\n<h2>La importancia del apoyo m\u00e9dico y psicol\u00f3gico durante la radioterapia pulmonar<\/h2>\n<p>Afrontar la radioterapia pulmonar puede ser un reto emocional y f\u00edsico. Por lo tanto, es crucial contar con el apoyo adecuado tanto desde el punto de vista m\u00e9dico como psicol\u00f3gico. Los m\u00e9dicos y enfermeras especializados pueden proporcionar informaci\u00f3n tranquilizadora, abordar las preocupaciones del paciente y ofrecer opciones para aliviar los efectos secundarios de la radioterapia pulmonar. Al mismo tiempo, el apoyo psicol\u00f3gico puede ayudar al paciente a controlar el estr\u00e9s y la ansiedad asociados al tratamiento.<\/p>\n<p>La radioterapia pulmonar es un tratamiento eficaz para varias afecciones pulmonares, pero puede provocar efectos secundarios importantes. Saber qu\u00e9 esperar durante el tratamiento y colaborar con el equipo m\u00e9dico puede hacer que el proceso sea m\u00e1s llevadero. Con el apoyo y el seguimiento adecuados, los pacientes pueden afrontar la radioterapia pulmonar con mayor confianza y optimismo sobre su camino de recuperaci\u00f3n. Puede que tambi\u00e9n le interese este art\u00edculo relacionado, <a href=\"\/es\/cuanto-dura-la-radioterapia\/\">\u00bfCu\u00e1nto dura la radioterapia?<\/a>.<\/p>\n","protected":false},"excerpt":{"rendered":"<p>La radioterapia pulmonar es un tratamiento m\u00e9dico utilizado para tratar diversas afecciones pulmonares, como el c\u00e1ncer de pulm\u00f3n y otras enfermedades pulmonares.<\/p>\n","protected":false},"author":1,"featured_media":9472,"comment_status":"open","ping_status":"open","sticky":false,"template":"","format":"standard","meta":{"footnotes":""},"tags":[102,100],"acf":[],"yoast_head":"<!-- This site is optimized with the Yoast SEO plugin v21.3 - https:\/\/yoast.com\/wordpress\/plugins\/seo\/ -->\n<title>Efectos secundarios de la radioterapia pulmonar - Oncos<\/title>\n<meta name=\"description\" content=\"Efectos secundarios de la radioterapia pulmonar: qu\u00e9 son y remedios. Inf\u00f3rmese con Oncos sobre los efectos secundarios de la radioterapia pulmonar. M\u00e1s informaci\u00f3n.\" \/>\n<meta name=\"robots\" content=\"index, follow, max-snippet:-1, max-image-preview:large, max-video-preview:-1\" \/>\n<link rel=\"canonical\" href=\"https:\/\/oncos.com\/es\/efectos-secundarios-de-la-radioterapia-pulmonar\/\" \/>\n<meta property=\"og:locale\" content=\"es_ES\" \/>\n<meta property=\"og:type\" content=\"article\" \/>\n<meta property=\"og:title\" content=\"Efectos secundarios de la radioterapia pulmonar - Oncos\" \/>\n<meta property=\"og:description\" content=\"Efectos secundarios de la radioterapia pulmonar: qu\u00e9 son y remedios. Inf\u00f3rmese con Oncos sobre los efectos secundarios de la radioterapia pulmonar. M\u00e1s informaci\u00f3n.\" \/>\n<meta property=\"og:url\" content=\"https:\/\/oncos.com\/es\/efectos-secundarios-de-la-radioterapia-pulmonar\/\" \/>\n<meta property=\"og:site_name\" content=\"Oncos\" \/>\n<meta property=\"article:publisher\" content=\"https:\/\/www.facebook.com\/oncoscosmetica\" \/>\n<meta property=\"article:published_time\" content=\"2023-09-29T20:24:23+00:00\" \/>\n<meta property=\"article:modified_time\" content=\"2024-03-18T09:37:50+00:00\" \/>\n<meta property=\"og:image\" content=\"https:\/\/oncos.com\/site\/uploads\/2023\/08\/Radioterapia-polmone-effetti-collaterali.jpg\" \/>\n\t<meta property=\"og:image:width\" content=\"1500\" \/>\n\t<meta property=\"og:image:height\" content=\"1000\" \/>\n\t<meta property=\"og:image:type\" content=\"image\/jpeg\" \/>\n<meta name=\"author\" content=\"a.khoury@addlab.it\" \/>\n<meta name=\"twitter:card\" content=\"summary_large_image\" \/>\n<meta name=\"twitter:label1\" content=\"Written by\" \/>\n\t<meta name=\"twitter:data1\" content=\"a.khoury@addlab.it\" \/>\n\t<meta name=\"twitter:label2\" content=\"Est. reading time\" \/>\n\t<meta name=\"twitter:data2\" content=\"2 minutes\" \/>\n<script type=\"application\/ld+json\" class=\"yoast-schema-graph\">{\"@context\":\"https:\/\/schema.org\",\"@graph\":[{\"@type\":\"Article\",\"@id\":\"https:\/\/oncos.com\/es\/efectos-secundarios-de-la-radioterapia-pulmonar\/#article\",\"isPartOf\":{\"@id\":\"https:\/\/oncos.com\/es\/efectos-secundarios-de-la-radioterapia-pulmonar\/\"},\"author\":{\"name\":\"a.khoury@addlab.it\",\"@id\":\"https:\/\/www.oncos.com\/es\/#\/schema\/person\/d9649ac4ee541335a132a4d800771d28\"},\"headline\":\"Efectos secundarios de la radioterapia pulmonar\",\"datePublished\":\"2023-09-29T20:24:23+00:00\",\"dateModified\":\"2024-03-18T09:37:50+00:00\",\"mainEntityOfPage\":{\"@id\":\"https:\/\/oncos.com\/es\/efectos-secundarios-de-la-radioterapia-pulmonar\/\"},\"wordCount\":428,\"commentCount\":0,\"publisher\":{\"@id\":\"https:\/\/www.oncos.com\/es\/#organization\"},\"keywords\":[\"Terapias\",\"Ver todos\"],\"inLanguage\":\"es-ES\",\"potentialAction\":[{\"@type\":\"CommentAction\",\"name\":\"Comment\",\"target\":[\"https:\/\/oncos.com\/es\/efectos-secundarios-de-la-radioterapia-pulmonar\/#respond\"]}]},{\"@type\":\"WebPage\",\"@id\":\"https:\/\/oncos.com\/es\/efectos-secundarios-de-la-radioterapia-pulmonar\/\",\"url\":\"https:\/\/oncos.com\/es\/efectos-secundarios-de-la-radioterapia-pulmonar\/\",\"name\":\"Efectos secundarios de la radioterapia pulmonar - Oncos\",\"isPartOf\":{\"@id\":\"https:\/\/www.oncos.com\/es\/#website\"},\"datePublished\":\"2023-09-29T20:24:23+00:00\",\"dateModified\":\"2024-03-18T09:37:50+00:00\",\"description\":\"Efectos secundarios de la radioterapia pulmonar: qu\u00e9 son y remedios. Inf\u00f3rmese con Oncos sobre los efectos secundarios de la radioterapia pulmonar. M\u00e1s informaci\u00f3n.\",\"breadcrumb\":{\"@id\":\"https:\/\/oncos.com\/es\/efectos-secundarios-de-la-radioterapia-pulmonar\/#breadcrumb\"},\"inLanguage\":\"es-ES\",\"potentialAction\":[{\"@type\":\"ReadAction\",\"target\":[\"https:\/\/oncos.com\/es\/efectos-secundarios-de-la-radioterapia-pulmonar\/\"]}]},{\"@type\":\"BreadcrumbList\",\"@id\":\"https:\/\/oncos.com\/es\/efectos-secundarios-de-la-radioterapia-pulmonar\/#breadcrumb\",\"itemListElement\":[{\"@type\":\"ListItem\",\"position\":1,\"name\":\"Home\",\"item\":\"https:\/\/oncos.com\/es\/\"},{\"@type\":\"ListItem\",\"position\":2,\"name\":\"Efectos secundarios de la radioterapia pulmonar\"}]},{\"@type\":\"WebSite\",\"@id\":\"https:\/\/www.oncos.com\/es\/#website\",\"url\":\"https:\/\/www.oncos.com\/es\/\",\"name\":\"Oncos\",\"description\":\"\",\"publisher\":{\"@id\":\"https:\/\/www.oncos.com\/es\/#organization\"},\"potentialAction\":[{\"@type\":\"SearchAction\",\"target\":{\"@type\":\"EntryPoint\",\"urlTemplate\":\"https:\/\/www.oncos.com\/es\/?s={search_term_string}\"},\"query-input\":\"required name=search_term_string\"}],\"inLanguage\":\"es-ES\"},{\"@type\":\"Organization\",\"@id\":\"https:\/\/www.oncos.com\/es\/#organization\",\"name\":\"Oncos\",\"url\":\"https:\/\/www.oncos.com\/es\/\",\"logo\":{\"@type\":\"ImageObject\",\"inLanguage\":\"es-ES\",\"@id\":\"https:\/\/www.oncos.com\/es\/#\/schema\/logo\/image\/\",\"url\":\"https:\/\/oncos.com\/site\/uploads\/2023\/08\/logo.png\",\"contentUrl\":\"https:\/\/oncos.com\/site\/uploads\/2023\/08\/logo.png\",\"width\":693,\"height\":200,\"caption\":\"Oncos\"},\"image\":{\"@id\":\"https:\/\/www.oncos.com\/es\/#\/schema\/logo\/image\/\"},\"sameAs\":[\"https:\/\/www.facebook.com\/oncoscosmetica\",\"https:\/\/www.instagram.com\/oncos_cosmetici\/\"]},{\"@type\":\"Person\",\"@id\":\"https:\/\/www.oncos.com\/es\/#\/schema\/person\/d9649ac4ee541335a132a4d800771d28\",\"name\":\"a.khoury@addlab.it\",\"image\":{\"@type\":\"ImageObject\",\"inLanguage\":\"es-ES\",\"@id\":\"https:\/\/www.oncos.com\/es\/#\/schema\/person\/image\/\",\"url\":\"https:\/\/secure.gravatar.com\/avatar\/2fbb7a4ecbd6d240db01b926ab1aeda5?s=96&d=mm&r=g\",\"contentUrl\":\"https:\/\/secure.gravatar.com\/avatar\/2fbb7a4ecbd6d240db01b926ab1aeda5?s=96&d=mm&r=g\",\"caption\":\"a.khoury@addlab.it\"},\"sameAs\":[\"http:\/\/localhost\/wp-template\/wp\"],\"url\":\"https:\/\/oncos.com\/es\/author\/a-khouryaddlab-it\/\"}]}<\/script>\n<!-- \/ Yoast SEO plugin. -->","yoast_head_json":{"title":"Efectos secundarios de la radioterapia pulmonar - Oncos","description":"Efectos secundarios de la radioterapia pulmonar: qu\u00e9 son y remedios. Inf\u00f3rmese con Oncos sobre los efectos secundarios de la radioterapia pulmonar. M\u00e1s informaci\u00f3n.","robots":{"index":"index","follow":"follow","max-snippet":"max-snippet:-1","max-image-preview":"max-image-preview:large","max-video-preview":"max-video-preview:-1"},"canonical":"https:\/\/oncos.com\/es\/efectos-secundarios-de-la-radioterapia-pulmonar\/","og_locale":"es_ES","og_type":"article","og_title":"Efectos secundarios de la radioterapia pulmonar - Oncos","og_description":"Efectos secundarios de la radioterapia pulmonar: qu\u00e9 son y remedios. Inf\u00f3rmese con Oncos sobre los efectos secundarios de la radioterapia pulmonar. M\u00e1s informaci\u00f3n.","og_url":"https:\/\/oncos.com\/es\/efectos-secundarios-de-la-radioterapia-pulmonar\/","og_site_name":"Oncos","article_publisher":"https:\/\/www.facebook.com\/oncoscosmetica","article_published_time":"2023-09-29T20:24:23+00:00","article_modified_time":"2024-03-18T09:37:50+00:00","og_image":[{"width":1500,"height":1000,"url":"https:\/\/oncos.com\/site\/uploads\/2023\/08\/Radioterapia-polmone-effetti-collaterali.jpg","type":"image\/jpeg"}],"author":"a.khoury@addlab.it","twitter_card":"summary_large_image","twitter_misc":{"Written by":"a.khoury@addlab.it","Est. reading time":"2 minutes"},"schema":{"@context":"https:\/\/schema.org","@graph":[{"@type":"Article","@id":"https:\/\/oncos.com\/es\/efectos-secundarios-de-la-radioterapia-pulmonar\/#article","isPartOf":{"@id":"https:\/\/oncos.com\/es\/efectos-secundarios-de-la-radioterapia-pulmonar\/"},"author":{"name":"a.khoury@addlab.it","@id":"https:\/\/www.oncos.com\/es\/#\/schema\/person\/d9649ac4ee541335a132a4d800771d28"},"headline":"Efectos secundarios de la radioterapia pulmonar","datePublished":"2023-09-29T20:24:23+00:00","dateModified":"2024-03-18T09:37:50+00:00","mainEntityOfPage":{"@id":"https:\/\/oncos.com\/es\/efectos-secundarios-de-la-radioterapia-pulmonar\/"},"wordCount":428,"commentCount":0,"publisher":{"@id":"https:\/\/www.oncos.com\/es\/#organization"},"keywords":["Terapias","Ver todos"],"inLanguage":"es-ES","potentialAction":[{"@type":"CommentAction","name":"Comment","target":["https:\/\/oncos.com\/es\/efectos-secundarios-de-la-radioterapia-pulmonar\/#respond"]}]},{"@type":"WebPage","@id":"https:\/\/oncos.com\/es\/efectos-secundarios-de-la-radioterapia-pulmonar\/","url":"https:\/\/oncos.com\/es\/efectos-secundarios-de-la-radioterapia-pulmonar\/","name":"Efectos secundarios de la radioterapia pulmonar - Oncos","isPartOf":{"@id":"https:\/\/www.oncos.com\/es\/#website"},"datePublished":"2023-09-29T20:24:23+00:00","dateModified":"2024-03-18T09:37:50+00:00","description":"Efectos secundarios de la radioterapia pulmonar: qu\u00e9 son y remedios. Inf\u00f3rmese con Oncos sobre los efectos secundarios de la radioterapia pulmonar. M\u00e1s informaci\u00f3n.","breadcrumb":{"@id":"https:\/\/oncos.com\/es\/efectos-secundarios-de-la-radioterapia-pulmonar\/#breadcrumb"},"inLanguage":"es-ES","potentialAction":[{"@type":"ReadAction","target":["https:\/\/oncos.com\/es\/efectos-secundarios-de-la-radioterapia-pulmonar\/"]}]},{"@type":"BreadcrumbList","@id":"https:\/\/oncos.com\/es\/efectos-secundarios-de-la-radioterapia-pulmonar\/#breadcrumb","itemListElement":[{"@type":"ListItem","position":1,"name":"Home","item":"https:\/\/oncos.com\/es\/"},{"@type":"ListItem","position":2,"name":"Efectos secundarios de la radioterapia pulmonar"}]},{"@type":"WebSite","@id":"https:\/\/www.oncos.com\/es\/#website","url":"https:\/\/www.oncos.com\/es\/","name":"Oncos","description":"","publisher":{"@id":"https:\/\/www.oncos.com\/es\/#organization"},"potentialAction":[{"@type":"SearchAction","target":{"@type":"EntryPoint","urlTemplate":"https:\/\/www.oncos.com\/es\/?s={search_term_string}"},"query-input":"required name=search_term_string"}],"inLanguage":"es-ES"},{"@type":"Organization","@id":"https:\/\/www.oncos.com\/es\/#organization","name":"Oncos","url":"https:\/\/www.oncos.com\/es\/","logo":{"@type":"ImageObject","inLanguage":"es-ES","@id":"https:\/\/www.oncos.com\/es\/#\/schema\/logo\/image\/","url":"https:\/\/oncos.com\/site\/uploads\/2023\/08\/logo.png","contentUrl":"https:\/\/oncos.com\/site\/uploads\/2023\/08\/logo.png","width":693,"height":200,"caption":"Oncos"},"image":{"@id":"https:\/\/www.oncos.com\/es\/#\/schema\/logo\/image\/"},"sameAs":["https:\/\/www.facebook.com\/oncoscosmetica","https:\/\/www.instagram.com\/oncos_cosmetici\/"]},{"@type":"Person","@id":"https:\/\/www.oncos.com\/es\/#\/schema\/person\/d9649ac4ee541335a132a4d800771d28","name":"a.khoury@addlab.it","image":{"@type":"ImageObject","inLanguage":"es-ES","@id":"https:\/\/www.oncos.com\/es\/#\/schema\/person\/image\/","url":"https:\/\/secure.gravatar.com\/avatar\/2fbb7a4ecbd6d240db01b926ab1aeda5?s=96&d=mm&r=g","contentUrl":"https:\/\/secure.gravatar.com\/avatar\/2fbb7a4ecbd6d240db01b926ab1aeda5?s=96&d=mm&r=g","caption":"a.khoury@addlab.it"},"sameAs":["http:\/\/localhost\/wp-template\/wp"],"url":"https:\/\/oncos.com\/es\/author\/a-khouryaddlab-it\/"}]}},"_links":{"self":[{"href":"https:\/\/oncos.com\/es\/wp-json\/wp\/v2\/posts\/9471"}],"collection":[{"href":"https:\/\/oncos.com\/es\/wp-json\/wp\/v2\/posts"}],"about":[{"href":"https:\/\/oncos.com\/es\/wp-json\/wp\/v2\/types\/post"}],"author":[{"embeddable":true,"href":"https:\/\/oncos.com\/es\/wp-json\/wp\/v2\/users\/1"}],"replies":[{"embeddable":true,"href":"https:\/\/oncos.com\/es\/wp-json\/wp\/v2\/comments?post=9471"}],"version-history":[{"count":1,"href":"https:\/\/oncos.com\/es\/wp-json\/wp\/v2\/posts\/9471\/revisions"}],"predecessor-version":[{"id":10933,"href":"https:\/\/oncos.com\/es\/wp-json\/wp\/v2\/posts\/9471\/revisions\/10933"}],"wp:featuredmedia":[{"embeddable":true,"href":"https:\/\/oncos.com\/es\/wp-json\/wp\/v2\/media\/9472"}],"wp:attachment":[{"href":"https:\/\/oncos.com\/es\/wp-json\/wp\/v2\/media?parent=9471"}],"wp:term":[{"taxonomy":"post_tag","embeddable":true,"href":"https:\/\/oncos.com\/es\/wp-json\/wp\/v2\/tags?post=9471"}],"curies":[{"name":"wp","href":"https:\/\/api.w.org\/{rel}","templated":true}]}}