{"id":9485,"date":"2022-10-06T13:47:59","date_gmt":"2022-10-06T13:47:59","guid":{"rendered":"https:\/\/oncos.com\/acne-por-quimioterapia-que-es-y-por-que-aparece\/"},"modified":"2024-02-29T10:40:58","modified_gmt":"2024-02-29T10:40:58","slug":"acne-por-quimioterapia-que-es-y-por-que-aparece","status":"publish","type":"post","link":"https:\/\/oncos.com\/es\/acne-por-quimioterapia-que-es-y-por-que-aparece\/","title":{"rendered":"Acn\u00e9 por quimioterapia: qu\u00e9 es y por qu\u00e9 aparece"},"content":{"rendered":"<p>Los efectos secundarios de los f\u00e1rmacos utilizados durante el tratamiento del c\u00e1ncer pueden causar acn\u00e9 o erupciones en la cara o el cuerpo. La causa del <strong>acn\u00e9 provocado por la quimioterapia<\/strong> suele residir en una combinaci\u00f3n de factores:<\/p>\n<ul>\n<li>los f\u00e1rmacos de quimioterapia<\/li>\n<li>los f\u00e1rmacos utilizados para tratar los efectos secundarios de la quimioterapia<\/li>\n<li>esteroides utilizados para potenciar los efectos de la quimioterapia.<\/li>\n<\/ul>\n<h2>Acn\u00e9 quimioter\u00e1pico y acn\u00e9 cl\u00e1sico: las diferencias<\/h2>\n<p>El acn\u00e9 &#8220;cl\u00e1sico&#8221; puede aparecer en cualquier parte del cuerpo. El <strong>acn\u00e9 de la quimioterapia<\/strong> aparece principalmente en la cara y el cuero cabelludo de los pacientes con c\u00e1ncer. Suele aparecer a los pocos d\u00edas de la quimioterapia o a los pocos d\u00edas de tomar determinados f\u00e1rmacos.<\/p>\n<p>El <strong>acn\u00e9 de la quimioterapia<\/strong> puede variar de leve a grave, pero independientemente de su gravedad, puede ser una fuente de baja autoestima durante el tratamiento. La buena noticia es que existen remedios para el acn\u00e9. De hecho, siempre puede controlarse tanto con medicamentos de venta libre como con f\u00e1rmacos recetados por el m\u00e9dico tratante.<\/p>\n<h2><strong>Remedios para la quimioterapia del acn\u00e9<\/strong>: c\u00f3mo mejorar el aspecto y la autoestima.<\/h2>\n<p>Los <strong>remedios para el acn\u00e9<\/strong> dependen de varios factores:<\/p>\n<ul>\n<li>el tipo de acn\u00e9<\/li>\n<li>su localizaci\u00f3n<\/li>\n<li>su gravedad.<\/li>\n<\/ul>\n<p>El m\u00e9dico puede recetar medicamentos para tomar por v\u00eda oral o t\u00f3pica. Por ejemplo, un antibi\u00f3tico oral (tetraciclina) o un gel antibi\u00f3tico t\u00f3pico (clindamicina).<\/p>\n<p>El primer paso para tratar el <strong>acn\u00e9 quimioter\u00e1pico<\/strong> es comentarlo con su m\u00e9dico, quien, en algunos casos, puede remitirle a un dermat\u00f3logo especializado en el diagn\u00f3stico y tratamiento de afecciones relacionadas con la piel.<br \/>\nCabe destacar que aproximadamente el 70-80% de los pacientes tras dos semanas de quimioterapia se familiarizan con la foliculitis, es decir, la inflamaci\u00f3n de los fol\u00edculos pilosos. Aunque existe una similitud, la foliculitis no debe confundirse con el acn\u00e9 y, por lo tanto, para el tratamiento de la foliculitis facial o de las piernas arruinadas por la foliculitis, es necesario hablar con su m\u00e9dico, que podr\u00e1 aconsejarle el tratamiento m\u00e1s adecuado.<\/p>\n<p>Existen cremas especialmente formuladas para el tratamiento de la <strong>foliculitis quimioter\u00e1pica<\/strong> que tienen acci\u00f3n antiinflamatoria, capilarotr\u00f3pica, vasoprotectora, astringente y calmante. En el caso de la foliculitis facial, es aconsejable aplicar una crema para la foliculitis facial para reducir la inflamaci\u00f3n y aliviar la piel.<\/p>\n","protected":false},"excerpt":{"rendered":"<p>Los efectos secundarios de los f\u00e1rmacos utilizados durante el tratamiento del c\u00e1ncer pueden causar acn\u00e9 o erupciones en la cara o el cuerpo. La causa suele estar en una combinaci\u00f3n de varios factores.<\/p>\n","protected":false},"author":1,"featured_media":9486,"comment_status":"open","ping_status":"open","sticky":false,"template":"","format":"standard","meta":{"footnotes":""},"tags":[103,100],"acf":[],"yoast_head":"<!-- This site is optimized with the Yoast SEO plugin v21.3 - https:\/\/yoast.com\/wordpress\/plugins\/seo\/ -->\n<title>Acn\u00e9 por quimioterapia - Oncos<\/title>\n<meta name=\"description\" content=\"Acn\u00e9 por quimioterapia: los efectos secundarios de los f\u00e1rmacos utilizados durante el tratamiento del c\u00e1ncer pueden causar acn\u00e9 en la cara o el cuerpo.\" \/>\n<meta name=\"robots\" content=\"index, follow, max-snippet:-1, max-image-preview:large, max-video-preview:-1\" \/>\n<link rel=\"canonical\" href=\"https:\/\/oncos.com\/es\/acne-por-quimioterapia-que-es-y-por-que-aparece\/\" \/>\n<meta property=\"og:locale\" content=\"es_ES\" \/>\n<meta property=\"og:type\" content=\"article\" \/>\n<meta property=\"og:title\" content=\"Acn\u00e9 por quimioterapia - Oncos\" \/>\n<meta property=\"og:description\" content=\"Acn\u00e9 por quimioterapia: los efectos secundarios de los f\u00e1rmacos utilizados durante el tratamiento del c\u00e1ncer pueden causar acn\u00e9 en la cara o el cuerpo.\" \/>\n<meta property=\"og:url\" content=\"https:\/\/oncos.com\/es\/acne-por-quimioterapia-que-es-y-por-que-aparece\/\" \/>\n<meta property=\"og:site_name\" content=\"Oncos\" \/>\n<meta property=\"article:publisher\" content=\"https:\/\/www.facebook.com\/oncoscosmetica\" \/>\n<meta property=\"article:published_time\" content=\"2022-10-06T13:47:59+00:00\" \/>\n<meta property=\"article:modified_time\" content=\"2024-02-29T10:40:58+00:00\" \/>\n<meta property=\"og:image\" content=\"https:\/\/oncos.com\/site\/uploads\/2023\/10\/04.jpg\" \/>\n\t<meta property=\"og:image:width\" content=\"685\" \/>\n\t<meta property=\"og:image:height\" content=\"410\" \/>\n\t<meta property=\"og:image:type\" content=\"image\/jpeg\" \/>\n<meta name=\"author\" content=\"a.khoury@addlab.it\" \/>\n<meta name=\"twitter:card\" content=\"summary_large_image\" \/>\n<meta name=\"twitter:label1\" content=\"Written by\" \/>\n\t<meta name=\"twitter:data1\" content=\"a.khoury@addlab.it\" \/>\n\t<meta name=\"twitter:label2\" content=\"Est. reading time\" \/>\n\t<meta name=\"twitter:data2\" content=\"2 minutes\" \/>\n<script type=\"application\/ld+json\" class=\"yoast-schema-graph\">{\"@context\":\"https:\/\/schema.org\",\"@graph\":[{\"@type\":\"Article\",\"@id\":\"https:\/\/oncos.com\/es\/acne-por-quimioterapia-que-es-y-por-que-aparece\/#article\",\"isPartOf\":{\"@id\":\"https:\/\/oncos.com\/es\/acne-por-quimioterapia-que-es-y-por-que-aparece\/\"},\"author\":{\"name\":\"a.khoury@addlab.it\",\"@id\":\"https:\/\/www.oncos.com\/es\/#\/schema\/person\/d9649ac4ee541335a132a4d800771d28\"},\"headline\":\"Acn\u00e9 por quimioterapia: qu\u00e9 es y por qu\u00e9 aparece\",\"datePublished\":\"2022-10-06T13:47:59+00:00\",\"dateModified\":\"2024-02-29T10:40:58+00:00\",\"mainEntityOfPage\":{\"@id\":\"https:\/\/oncos.com\/es\/acne-por-quimioterapia-que-es-y-por-que-aparece\/\"},\"wordCount\":417,\"commentCount\":0,\"publisher\":{\"@id\":\"https:\/\/www.oncos.com\/es\/#organization\"},\"keywords\":[\"Consejos y remedios\",\"Ver todos\"],\"inLanguage\":\"es-ES\",\"potentialAction\":[{\"@type\":\"CommentAction\",\"name\":\"Comment\",\"target\":[\"https:\/\/oncos.com\/es\/acne-por-quimioterapia-que-es-y-por-que-aparece\/#respond\"]}]},{\"@type\":\"WebPage\",\"@id\":\"https:\/\/oncos.com\/es\/acne-por-quimioterapia-que-es-y-por-que-aparece\/\",\"url\":\"https:\/\/oncos.com\/es\/acne-por-quimioterapia-que-es-y-por-que-aparece\/\",\"name\":\"Acn\u00e9 por quimioterapia - Oncos\",\"isPartOf\":{\"@id\":\"https:\/\/www.oncos.com\/es\/#website\"},\"datePublished\":\"2022-10-06T13:47:59+00:00\",\"dateModified\":\"2024-02-29T10:40:58+00:00\",\"description\":\"Acn\u00e9 por quimioterapia: los efectos secundarios de los f\u00e1rmacos utilizados durante el tratamiento del c\u00e1ncer pueden causar acn\u00e9 en la cara o el cuerpo.\",\"breadcrumb\":{\"@id\":\"https:\/\/oncos.com\/es\/acne-por-quimioterapia-que-es-y-por-que-aparece\/#breadcrumb\"},\"inLanguage\":\"es-ES\",\"potentialAction\":[{\"@type\":\"ReadAction\",\"target\":[\"https:\/\/oncos.com\/es\/acne-por-quimioterapia-que-es-y-por-que-aparece\/\"]}]},{\"@type\":\"BreadcrumbList\",\"@id\":\"https:\/\/oncos.com\/es\/acne-por-quimioterapia-que-es-y-por-que-aparece\/#breadcrumb\",\"itemListElement\":[{\"@type\":\"ListItem\",\"position\":1,\"name\":\"Home\",\"item\":\"https:\/\/oncos.com\/es\/\"},{\"@type\":\"ListItem\",\"position\":2,\"name\":\"Acn\u00e9 por quimioterapia: qu\u00e9 es y por qu\u00e9 aparece\"}]},{\"@type\":\"WebSite\",\"@id\":\"https:\/\/www.oncos.com\/es\/#website\",\"url\":\"https:\/\/www.oncos.com\/es\/\",\"name\":\"Oncos\",\"description\":\"\",\"publisher\":{\"@id\":\"https:\/\/www.oncos.com\/es\/#organization\"},\"potentialAction\":[{\"@type\":\"SearchAction\",\"target\":{\"@type\":\"EntryPoint\",\"urlTemplate\":\"https:\/\/www.oncos.com\/es\/?s={search_term_string}\"},\"query-input\":\"required name=search_term_string\"}],\"inLanguage\":\"es-ES\"},{\"@type\":\"Organization\",\"@id\":\"https:\/\/www.oncos.com\/es\/#organization\",\"name\":\"Oncos\",\"url\":\"https:\/\/www.oncos.com\/es\/\",\"logo\":{\"@type\":\"ImageObject\",\"inLanguage\":\"es-ES\",\"@id\":\"https:\/\/www.oncos.com\/es\/#\/schema\/logo\/image\/\",\"url\":\"https:\/\/oncos.com\/site\/uploads\/2023\/08\/logo.png\",\"contentUrl\":\"https:\/\/oncos.com\/site\/uploads\/2023\/08\/logo.png\",\"width\":693,\"height\":200,\"caption\":\"Oncos\"},\"image\":{\"@id\":\"https:\/\/www.oncos.com\/es\/#\/schema\/logo\/image\/\"},\"sameAs\":[\"https:\/\/www.facebook.com\/oncoscosmetica\",\"https:\/\/www.instagram.com\/oncos_cosmetici\/\"]},{\"@type\":\"Person\",\"@id\":\"https:\/\/www.oncos.com\/es\/#\/schema\/person\/d9649ac4ee541335a132a4d800771d28\",\"name\":\"a.khoury@addlab.it\",\"image\":{\"@type\":\"ImageObject\",\"inLanguage\":\"es-ES\",\"@id\":\"https:\/\/www.oncos.com\/es\/#\/schema\/person\/image\/\",\"url\":\"https:\/\/secure.gravatar.com\/avatar\/2fbb7a4ecbd6d240db01b926ab1aeda5?s=96&d=mm&r=g\",\"contentUrl\":\"https:\/\/secure.gravatar.com\/avatar\/2fbb7a4ecbd6d240db01b926ab1aeda5?s=96&d=mm&r=g\",\"caption\":\"a.khoury@addlab.it\"},\"sameAs\":[\"http:\/\/localhost\/wp-template\/wp\"],\"url\":\"https:\/\/oncos.com\/es\/author\/a-khouryaddlab-it\/\"}]}<\/script>\n<!-- \/ Yoast SEO plugin. -->","yoast_head_json":{"title":"Acn\u00e9 por quimioterapia - Oncos","description":"Acn\u00e9 por quimioterapia: los efectos secundarios de los f\u00e1rmacos utilizados durante el tratamiento del c\u00e1ncer pueden causar acn\u00e9 en la cara o el cuerpo.","robots":{"index":"index","follow":"follow","max-snippet":"max-snippet:-1","max-image-preview":"max-image-preview:large","max-video-preview":"max-video-preview:-1"},"canonical":"https:\/\/oncos.com\/es\/acne-por-quimioterapia-que-es-y-por-que-aparece\/","og_locale":"es_ES","og_type":"article","og_title":"Acn\u00e9 por quimioterapia - Oncos","og_description":"Acn\u00e9 por quimioterapia: los efectos secundarios de los f\u00e1rmacos utilizados durante el tratamiento del c\u00e1ncer pueden causar acn\u00e9 en la cara o el cuerpo.","og_url":"https:\/\/oncos.com\/es\/acne-por-quimioterapia-que-es-y-por-que-aparece\/","og_site_name":"Oncos","article_publisher":"https:\/\/www.facebook.com\/oncoscosmetica","article_published_time":"2022-10-06T13:47:59+00:00","article_modified_time":"2024-02-29T10:40:58+00:00","og_image":[{"width":685,"height":410,"url":"https:\/\/oncos.com\/site\/uploads\/2023\/10\/04.jpg","type":"image\/jpeg"}],"author":"a.khoury@addlab.it","twitter_card":"summary_large_image","twitter_misc":{"Written by":"a.khoury@addlab.it","Est. reading time":"2 minutes"},"schema":{"@context":"https:\/\/schema.org","@graph":[{"@type":"Article","@id":"https:\/\/oncos.com\/es\/acne-por-quimioterapia-que-es-y-por-que-aparece\/#article","isPartOf":{"@id":"https:\/\/oncos.com\/es\/acne-por-quimioterapia-que-es-y-por-que-aparece\/"},"author":{"name":"a.khoury@addlab.it","@id":"https:\/\/www.oncos.com\/es\/#\/schema\/person\/d9649ac4ee541335a132a4d800771d28"},"headline":"Acn\u00e9 por quimioterapia: qu\u00e9 es y por qu\u00e9 aparece","datePublished":"2022-10-06T13:47:59+00:00","dateModified":"2024-02-29T10:40:58+00:00","mainEntityOfPage":{"@id":"https:\/\/oncos.com\/es\/acne-por-quimioterapia-que-es-y-por-que-aparece\/"},"wordCount":417,"commentCount":0,"publisher":{"@id":"https:\/\/www.oncos.com\/es\/#organization"},"keywords":["Consejos y remedios","Ver todos"],"inLanguage":"es-ES","potentialAction":[{"@type":"CommentAction","name":"Comment","target":["https:\/\/oncos.com\/es\/acne-por-quimioterapia-que-es-y-por-que-aparece\/#respond"]}]},{"@type":"WebPage","@id":"https:\/\/oncos.com\/es\/acne-por-quimioterapia-que-es-y-por-que-aparece\/","url":"https:\/\/oncos.com\/es\/acne-por-quimioterapia-que-es-y-por-que-aparece\/","name":"Acn\u00e9 por quimioterapia - Oncos","isPartOf":{"@id":"https:\/\/www.oncos.com\/es\/#website"},"datePublished":"2022-10-06T13:47:59+00:00","dateModified":"2024-02-29T10:40:58+00:00","description":"Acn\u00e9 por quimioterapia: los efectos secundarios de los f\u00e1rmacos utilizados durante el tratamiento del c\u00e1ncer pueden causar acn\u00e9 en la cara o el cuerpo.","breadcrumb":{"@id":"https:\/\/oncos.com\/es\/acne-por-quimioterapia-que-es-y-por-que-aparece\/#breadcrumb"},"inLanguage":"es-ES","potentialAction":[{"@type":"ReadAction","target":["https:\/\/oncos.com\/es\/acne-por-quimioterapia-que-es-y-por-que-aparece\/"]}]},{"@type":"BreadcrumbList","@id":"https:\/\/oncos.com\/es\/acne-por-quimioterapia-que-es-y-por-que-aparece\/#breadcrumb","itemListElement":[{"@type":"ListItem","position":1,"name":"Home","item":"https:\/\/oncos.com\/es\/"},{"@type":"ListItem","position":2,"name":"Acn\u00e9 por quimioterapia: qu\u00e9 es y por qu\u00e9 aparece"}]},{"@type":"WebSite","@id":"https:\/\/www.oncos.com\/es\/#website","url":"https:\/\/www.oncos.com\/es\/","name":"Oncos","description":"","publisher":{"@id":"https:\/\/www.oncos.com\/es\/#organization"},"potentialAction":[{"@type":"SearchAction","target":{"@type":"EntryPoint","urlTemplate":"https:\/\/www.oncos.com\/es\/?s={search_term_string}"},"query-input":"required name=search_term_string"}],"inLanguage":"es-ES"},{"@type":"Organization","@id":"https:\/\/www.oncos.com\/es\/#organization","name":"Oncos","url":"https:\/\/www.oncos.com\/es\/","logo":{"@type":"ImageObject","inLanguage":"es-ES","@id":"https:\/\/www.oncos.com\/es\/#\/schema\/logo\/image\/","url":"https:\/\/oncos.com\/site\/uploads\/2023\/08\/logo.png","contentUrl":"https:\/\/oncos.com\/site\/uploads\/2023\/08\/logo.png","width":693,"height":200,"caption":"Oncos"},"image":{"@id":"https:\/\/www.oncos.com\/es\/#\/schema\/logo\/image\/"},"sameAs":["https:\/\/www.facebook.com\/oncoscosmetica","https:\/\/www.instagram.com\/oncos_cosmetici\/"]},{"@type":"Person","@id":"https:\/\/www.oncos.com\/es\/#\/schema\/person\/d9649ac4ee541335a132a4d800771d28","name":"a.khoury@addlab.it","image":{"@type":"ImageObject","inLanguage":"es-ES","@id":"https:\/\/www.oncos.com\/es\/#\/schema\/person\/image\/","url":"https:\/\/secure.gravatar.com\/avatar\/2fbb7a4ecbd6d240db01b926ab1aeda5?s=96&d=mm&r=g","contentUrl":"https:\/\/secure.gravatar.com\/avatar\/2fbb7a4ecbd6d240db01b926ab1aeda5?s=96&d=mm&r=g","caption":"a.khoury@addlab.it"},"sameAs":["http:\/\/localhost\/wp-template\/wp"],"url":"https:\/\/oncos.com\/es\/author\/a-khouryaddlab-it\/"}]}},"_links":{"self":[{"href":"https:\/\/oncos.com\/es\/wp-json\/wp\/v2\/posts\/9485"}],"collection":[{"href":"https:\/\/oncos.com\/es\/wp-json\/wp\/v2\/posts"}],"about":[{"href":"https:\/\/oncos.com\/es\/wp-json\/wp\/v2\/types\/post"}],"author":[{"embeddable":true,"href":"https:\/\/oncos.com\/es\/wp-json\/wp\/v2\/users\/1"}],"replies":[{"embeddable":true,"href":"https:\/\/oncos.com\/es\/wp-json\/wp\/v2\/comments?post=9485"}],"version-history":[{"count":1,"href":"https:\/\/oncos.com\/es\/wp-json\/wp\/v2\/posts\/9485\/revisions"}],"predecessor-version":[{"id":9487,"href":"https:\/\/oncos.com\/es\/wp-json\/wp\/v2\/posts\/9485\/revisions\/9487"}],"wp:featuredmedia":[{"embeddable":true,"href":"https:\/\/oncos.com\/es\/wp-json\/wp\/v2\/media\/9486"}],"wp:attachment":[{"href":"https:\/\/oncos.com\/es\/wp-json\/wp\/v2\/media?parent=9485"}],"wp:term":[{"taxonomy":"post_tag","embeddable":true,"href":"https:\/\/oncos.com\/es\/wp-json\/wp\/v2\/tags?post=9485"}],"curies":[{"name":"wp","href":"https:\/\/api.w.org\/{rel}","templated":true}]}}