{"id":9495,"date":"2021-09-22T08:14:29","date_gmt":"2021-09-22T08:14:29","guid":{"rendered":"https:\/\/oncos.com\/radioterapia-y-crema-como-elegir-la-adecuada\/"},"modified":"2024-03-19T14:27:53","modified_gmt":"2024-03-19T14:27:53","slug":"radioterapia-y-crema-como-elegir-la-adecuada","status":"publish","type":"post","link":"https:\/\/oncos.com\/es\/radioterapia-y-crema-como-elegir-la-adecuada\/","title":{"rendered":"Radioterapia y crema: c\u00f3mo elegir la adecuada"},"content":{"rendered":"<p>La <strong>radioterapia<\/strong> suele causar muchos <strong>efectos secundarios<\/strong>. Entre ellos, los que se producen en la piel, como sequedad, picor, ampollas o descamaci\u00f3n. En los casos m\u00e1s graves, incluso quemaduras y ulceraciones.<br \/>\nLos cambios en la piel tambi\u00e9n se deben a la toma de medicamentos contra el c\u00e1ncer, que interfieren en el cutis y provocan la aparici\u00f3n de manchas cut\u00e1neas. Por eso, la piel de un paciente con c\u00e1ncer necesita cuidados y atenci\u00f3n constantes.<\/p>\n<h2>Integraci\u00f3n de la cosm\u00e9tica en la terapia contra el c\u00e1ncer<\/h2>\n<p>El principal objetivo de la <strong>terapia dermocosm\u00e9tica<\/strong> para una piel delicada sometida a un estr\u00e9s continuo es reducir los posibles efectos secundarios, como la deshidrataci\u00f3n y la irritaci\u00f3n. \u00bfC\u00f3mo? Mediante la aplicaci\u00f3n constante de productos formulados con ingredientes emolientes y calmantes.<\/p>\n<p>De este modo, la piel estar\u00e1 m\u00e1s intacta y podr\u00e1 proporcionar m\u00e1s protecci\u00f3n, ejerciendo perfectamente su funci\u00f3n de barrera frente a los agentes externos. Esto no es en absoluto algo que deba subestimarse, teniendo en cuenta que la piel pierde su capacidad protectora original durante el tratamiento.<\/p>\n<p>Para prevenir y tratar los efectos secundarios de la <a href=\"https:\/\/oncos.com\/es\/radioterapia-efectos-secundarios-un-breve-resumen-de-los-mas-comunes\/\">radioterapia<\/a> en la piel, es importante seguir una rutina de belleza diaria. Esto incluye:<\/p>\n<ul>\n<li><strong>Limpieza suave<\/strong>: en esta fase es muy importante limpiar la piel con suavidad. Es aconsejable utilizar productos con tensioactivos suaves y limpiadores suaves en lugar de jabones normales;<\/li>\n<li><strong>Hidrataci\u00f3n y nutrici\u00f3n<\/strong>: es muy importante utilizar cosm\u00e9ticos con fuertes propiedades hidratantes y nutritivas, que permitan una mayor hidrataci\u00f3n y restauren as\u00ed el equilibrio h\u00eddrico;<\/li>\n<li><strong>Productos con principios activos naturales<\/strong>: es preferible no utilizar jabones y polvos perfumados, desodorantes o perfumes para evitar que aumente la inflamaci\u00f3n de la piel.<\/li>\n<li><strong>Limitar la exposici\u00f3n al sol<\/strong>: proteger constantemente la piel del sol mediante el uso de cremas solares con un factor de protecci\u00f3n elevado.<\/li>\n<\/ul>\n<h2>Qu\u00e9 crema elegir durante la radioterapia<\/h2>\n<p>Seg\u00fan un estudio llevado a cabo por investigadores de la <strong>U.O.C. de Oncolog\u00eda de ASST Bergamo Est<\/strong> se ha puesto de manifiesto que el impacto del uso de productos de la l\u00ednea <a href=\"https:\/\/oncos.com\/es\/productos\/\">Oncos Dermocosm\u00e9tica<\/a> en la reducci\u00f3n de los efectos secundarios sobre la piel \u00a1es extraordinario! El uso del producto cosm\u00e9tico espec\u00edfico lleva a las mujeres a tener menos dolor y molestias. Por ello, hay que prestar atenci\u00f3n a los <strong>ingredientes<\/strong> que se deben favorecer.<\/p>\n<p>Para la <strong>fase grasa<\/strong>, son muy recomendables los aceites vegetales con alto contenido en \u00e1cidos grasos poliinsaturados, como:<\/p>\n<ul>\n<li>aceite de arroz;<\/li>\n<li>aceite de arg\u00e1n;<\/li>\n<li>aceite de oliva insaponificable;<\/li>\n<li>manteca de karit\u00e9.<\/li>\n<\/ul>\n<p>No deben faltar mol\u00e9culas capaces de calmar el picor, como el extracto de Zanthoxylum Bungeanum, Pimienta de Sichuan contenido en la crema corporal emoliente Oncos.<\/p>\n","protected":false},"excerpt":{"rendered":"<p>La radioterapia suele causar muchos efectos secundarios. Entre ellos, los que se producen en la piel, como sequedad, picor, ampollas o descamaci\u00f3n.<\/p>\n","protected":false},"author":1,"featured_media":9496,"comment_status":"open","ping_status":"open","sticky":false,"template":"","format":"standard","meta":{"footnotes":""},"tags":[99,100],"acf":[],"yoast_head":"<!-- This site is optimized with the Yoast SEO plugin v21.3 - https:\/\/yoast.com\/wordpress\/plugins\/seo\/ -->\n<title>Radioterapia y crema: c\u00f3mo elegir la adecuada - Oncos<\/title>\n<meta name=\"description\" content=\"Radioterapia y crema: la piel durante las terapias oncol\u00f3gicas est\u00e1 sometida a un gran estr\u00e9s, descubre la crema adecuada para tratarla.\" \/>\n<meta name=\"robots\" content=\"index, follow, max-snippet:-1, max-image-preview:large, max-video-preview:-1\" \/>\n<link rel=\"canonical\" href=\"https:\/\/oncos.com\/es\/radioterapia-y-crema-como-elegir-la-adecuada\/\" \/>\n<meta property=\"og:locale\" content=\"es_ES\" \/>\n<meta property=\"og:type\" content=\"article\" \/>\n<meta property=\"og:title\" content=\"Radioterapia y crema: c\u00f3mo elegir la adecuada - Oncos\" \/>\n<meta property=\"og:description\" content=\"Radioterapia y crema: la piel durante las terapias oncol\u00f3gicas est\u00e1 sometida a un gran estr\u00e9s, descubre la crema adecuada para tratarla.\" \/>\n<meta property=\"og:url\" content=\"https:\/\/oncos.com\/es\/radioterapia-y-crema-como-elegir-la-adecuada\/\" \/>\n<meta property=\"og:site_name\" content=\"Oncos\" \/>\n<meta property=\"article:publisher\" content=\"https:\/\/www.facebook.com\/oncoscosmetica\" \/>\n<meta property=\"article:published_time\" content=\"2021-09-22T08:14:29+00:00\" \/>\n<meta property=\"article:modified_time\" content=\"2024-03-19T14:27:53+00:00\" \/>\n<meta property=\"og:image\" content=\"https:\/\/oncos.com\/site\/uploads\/2023\/09\/oncos-cover-3.jpg\" \/>\n\t<meta property=\"og:image:width\" content=\"625\" \/>\n\t<meta property=\"og:image:height\" content=\"410\" \/>\n\t<meta property=\"og:image:type\" content=\"image\/jpeg\" \/>\n<meta name=\"author\" content=\"a.khoury@addlab.it\" \/>\n<meta name=\"twitter:card\" content=\"summary_large_image\" \/>\n<meta name=\"twitter:label1\" content=\"Written by\" \/>\n\t<meta name=\"twitter:data1\" content=\"a.khoury@addlab.it\" \/>\n\t<meta name=\"twitter:label2\" content=\"Est. reading time\" \/>\n\t<meta name=\"twitter:data2\" content=\"2 minutes\" \/>\n<script type=\"application\/ld+json\" class=\"yoast-schema-graph\">{\"@context\":\"https:\/\/schema.org\",\"@graph\":[{\"@type\":\"Article\",\"@id\":\"https:\/\/oncos.com\/es\/radioterapia-y-crema-como-elegir-la-adecuada\/#article\",\"isPartOf\":{\"@id\":\"https:\/\/oncos.com\/es\/radioterapia-y-crema-como-elegir-la-adecuada\/\"},\"author\":{\"name\":\"a.khoury@addlab.it\",\"@id\":\"https:\/\/www.oncos.com\/es\/#\/schema\/person\/d9649ac4ee541335a132a4d800771d28\"},\"headline\":\"Radioterapia y crema: c\u00f3mo elegir la adecuada\",\"datePublished\":\"2021-09-22T08:14:29+00:00\",\"dateModified\":\"2024-03-19T14:27:53+00:00\",\"mainEntityOfPage\":{\"@id\":\"https:\/\/oncos.com\/es\/radioterapia-y-crema-como-elegir-la-adecuada\/\"},\"wordCount\":481,\"commentCount\":0,\"publisher\":{\"@id\":\"https:\/\/www.oncos.com\/es\/#organization\"},\"keywords\":[\"Mundo oncos\",\"Ver todos\"],\"inLanguage\":\"es-ES\",\"potentialAction\":[{\"@type\":\"CommentAction\",\"name\":\"Comment\",\"target\":[\"https:\/\/oncos.com\/es\/radioterapia-y-crema-como-elegir-la-adecuada\/#respond\"]}]},{\"@type\":\"WebPage\",\"@id\":\"https:\/\/oncos.com\/es\/radioterapia-y-crema-como-elegir-la-adecuada\/\",\"url\":\"https:\/\/oncos.com\/es\/radioterapia-y-crema-como-elegir-la-adecuada\/\",\"name\":\"Radioterapia y crema: c\u00f3mo elegir la adecuada - Oncos\",\"isPartOf\":{\"@id\":\"https:\/\/www.oncos.com\/es\/#website\"},\"datePublished\":\"2021-09-22T08:14:29+00:00\",\"dateModified\":\"2024-03-19T14:27:53+00:00\",\"description\":\"Radioterapia y crema: la piel durante las terapias oncol\u00f3gicas est\u00e1 sometida a un gran estr\u00e9s, descubre la crema adecuada para tratarla.\",\"breadcrumb\":{\"@id\":\"https:\/\/oncos.com\/es\/radioterapia-y-crema-como-elegir-la-adecuada\/#breadcrumb\"},\"inLanguage\":\"es-ES\",\"potentialAction\":[{\"@type\":\"ReadAction\",\"target\":[\"https:\/\/oncos.com\/es\/radioterapia-y-crema-como-elegir-la-adecuada\/\"]}]},{\"@type\":\"BreadcrumbList\",\"@id\":\"https:\/\/oncos.com\/es\/radioterapia-y-crema-como-elegir-la-adecuada\/#breadcrumb\",\"itemListElement\":[{\"@type\":\"ListItem\",\"position\":1,\"name\":\"Home\",\"item\":\"https:\/\/oncos.com\/es\/\"},{\"@type\":\"ListItem\",\"position\":2,\"name\":\"Radioterapia y crema: c\u00f3mo elegir la adecuada\"}]},{\"@type\":\"WebSite\",\"@id\":\"https:\/\/www.oncos.com\/es\/#website\",\"url\":\"https:\/\/www.oncos.com\/es\/\",\"name\":\"Oncos\",\"description\":\"\",\"publisher\":{\"@id\":\"https:\/\/www.oncos.com\/es\/#organization\"},\"potentialAction\":[{\"@type\":\"SearchAction\",\"target\":{\"@type\":\"EntryPoint\",\"urlTemplate\":\"https:\/\/www.oncos.com\/es\/?s={search_term_string}\"},\"query-input\":\"required name=search_term_string\"}],\"inLanguage\":\"es-ES\"},{\"@type\":\"Organization\",\"@id\":\"https:\/\/www.oncos.com\/es\/#organization\",\"name\":\"Oncos\",\"url\":\"https:\/\/www.oncos.com\/es\/\",\"logo\":{\"@type\":\"ImageObject\",\"inLanguage\":\"es-ES\",\"@id\":\"https:\/\/www.oncos.com\/es\/#\/schema\/logo\/image\/\",\"url\":\"https:\/\/oncos.com\/site\/uploads\/2023\/08\/logo.png\",\"contentUrl\":\"https:\/\/oncos.com\/site\/uploads\/2023\/08\/logo.png\",\"width\":693,\"height\":200,\"caption\":\"Oncos\"},\"image\":{\"@id\":\"https:\/\/www.oncos.com\/es\/#\/schema\/logo\/image\/\"},\"sameAs\":[\"https:\/\/www.facebook.com\/oncoscosmetica\",\"https:\/\/www.instagram.com\/oncos_cosmetici\/\"]},{\"@type\":\"Person\",\"@id\":\"https:\/\/www.oncos.com\/es\/#\/schema\/person\/d9649ac4ee541335a132a4d800771d28\",\"name\":\"a.khoury@addlab.it\",\"image\":{\"@type\":\"ImageObject\",\"inLanguage\":\"es-ES\",\"@id\":\"https:\/\/www.oncos.com\/es\/#\/schema\/person\/image\/\",\"url\":\"https:\/\/secure.gravatar.com\/avatar\/2fbb7a4ecbd6d240db01b926ab1aeda5?s=96&d=mm&r=g\",\"contentUrl\":\"https:\/\/secure.gravatar.com\/avatar\/2fbb7a4ecbd6d240db01b926ab1aeda5?s=96&d=mm&r=g\",\"caption\":\"a.khoury@addlab.it\"},\"sameAs\":[\"http:\/\/localhost\/wp-template\/wp\"],\"url\":\"https:\/\/oncos.com\/es\/author\/a-khouryaddlab-it\/\"}]}<\/script>\n<!-- \/ Yoast SEO plugin. -->","yoast_head_json":{"title":"Radioterapia y crema: c\u00f3mo elegir la adecuada - Oncos","description":"Radioterapia y crema: la piel durante las terapias oncol\u00f3gicas est\u00e1 sometida a un gran estr\u00e9s, descubre la crema adecuada para tratarla.","robots":{"index":"index","follow":"follow","max-snippet":"max-snippet:-1","max-image-preview":"max-image-preview:large","max-video-preview":"max-video-preview:-1"},"canonical":"https:\/\/oncos.com\/es\/radioterapia-y-crema-como-elegir-la-adecuada\/","og_locale":"es_ES","og_type":"article","og_title":"Radioterapia y crema: c\u00f3mo elegir la adecuada - Oncos","og_description":"Radioterapia y crema: la piel durante las terapias oncol\u00f3gicas est\u00e1 sometida a un gran estr\u00e9s, descubre la crema adecuada para tratarla.","og_url":"https:\/\/oncos.com\/es\/radioterapia-y-crema-como-elegir-la-adecuada\/","og_site_name":"Oncos","article_publisher":"https:\/\/www.facebook.com\/oncoscosmetica","article_published_time":"2021-09-22T08:14:29+00:00","article_modified_time":"2024-03-19T14:27:53+00:00","og_image":[{"width":625,"height":410,"url":"https:\/\/oncos.com\/site\/uploads\/2023\/09\/oncos-cover-3.jpg","type":"image\/jpeg"}],"author":"a.khoury@addlab.it","twitter_card":"summary_large_image","twitter_misc":{"Written by":"a.khoury@addlab.it","Est. reading time":"2 minutes"},"schema":{"@context":"https:\/\/schema.org","@graph":[{"@type":"Article","@id":"https:\/\/oncos.com\/es\/radioterapia-y-crema-como-elegir-la-adecuada\/#article","isPartOf":{"@id":"https:\/\/oncos.com\/es\/radioterapia-y-crema-como-elegir-la-adecuada\/"},"author":{"name":"a.khoury@addlab.it","@id":"https:\/\/www.oncos.com\/es\/#\/schema\/person\/d9649ac4ee541335a132a4d800771d28"},"headline":"Radioterapia y crema: c\u00f3mo elegir la adecuada","datePublished":"2021-09-22T08:14:29+00:00","dateModified":"2024-03-19T14:27:53+00:00","mainEntityOfPage":{"@id":"https:\/\/oncos.com\/es\/radioterapia-y-crema-como-elegir-la-adecuada\/"},"wordCount":481,"commentCount":0,"publisher":{"@id":"https:\/\/www.oncos.com\/es\/#organization"},"keywords":["Mundo oncos","Ver todos"],"inLanguage":"es-ES","potentialAction":[{"@type":"CommentAction","name":"Comment","target":["https:\/\/oncos.com\/es\/radioterapia-y-crema-como-elegir-la-adecuada\/#respond"]}]},{"@type":"WebPage","@id":"https:\/\/oncos.com\/es\/radioterapia-y-crema-como-elegir-la-adecuada\/","url":"https:\/\/oncos.com\/es\/radioterapia-y-crema-como-elegir-la-adecuada\/","name":"Radioterapia y crema: c\u00f3mo elegir la adecuada - Oncos","isPartOf":{"@id":"https:\/\/www.oncos.com\/es\/#website"},"datePublished":"2021-09-22T08:14:29+00:00","dateModified":"2024-03-19T14:27:53+00:00","description":"Radioterapia y crema: la piel durante las terapias oncol\u00f3gicas est\u00e1 sometida a un gran estr\u00e9s, descubre la crema adecuada para tratarla.","breadcrumb":{"@id":"https:\/\/oncos.com\/es\/radioterapia-y-crema-como-elegir-la-adecuada\/#breadcrumb"},"inLanguage":"es-ES","potentialAction":[{"@type":"ReadAction","target":["https:\/\/oncos.com\/es\/radioterapia-y-crema-como-elegir-la-adecuada\/"]}]},{"@type":"BreadcrumbList","@id":"https:\/\/oncos.com\/es\/radioterapia-y-crema-como-elegir-la-adecuada\/#breadcrumb","itemListElement":[{"@type":"ListItem","position":1,"name":"Home","item":"https:\/\/oncos.com\/es\/"},{"@type":"ListItem","position":2,"name":"Radioterapia y crema: c\u00f3mo elegir la adecuada"}]},{"@type":"WebSite","@id":"https:\/\/www.oncos.com\/es\/#website","url":"https:\/\/www.oncos.com\/es\/","name":"Oncos","description":"","publisher":{"@id":"https:\/\/www.oncos.com\/es\/#organization"},"potentialAction":[{"@type":"SearchAction","target":{"@type":"EntryPoint","urlTemplate":"https:\/\/www.oncos.com\/es\/?s={search_term_string}"},"query-input":"required name=search_term_string"}],"inLanguage":"es-ES"},{"@type":"Organization","@id":"https:\/\/www.oncos.com\/es\/#organization","name":"Oncos","url":"https:\/\/www.oncos.com\/es\/","logo":{"@type":"ImageObject","inLanguage":"es-ES","@id":"https:\/\/www.oncos.com\/es\/#\/schema\/logo\/image\/","url":"https:\/\/oncos.com\/site\/uploads\/2023\/08\/logo.png","contentUrl":"https:\/\/oncos.com\/site\/uploads\/2023\/08\/logo.png","width":693,"height":200,"caption":"Oncos"},"image":{"@id":"https:\/\/www.oncos.com\/es\/#\/schema\/logo\/image\/"},"sameAs":["https:\/\/www.facebook.com\/oncoscosmetica","https:\/\/www.instagram.com\/oncos_cosmetici\/"]},{"@type":"Person","@id":"https:\/\/www.oncos.com\/es\/#\/schema\/person\/d9649ac4ee541335a132a4d800771d28","name":"a.khoury@addlab.it","image":{"@type":"ImageObject","inLanguage":"es-ES","@id":"https:\/\/www.oncos.com\/es\/#\/schema\/person\/image\/","url":"https:\/\/secure.gravatar.com\/avatar\/2fbb7a4ecbd6d240db01b926ab1aeda5?s=96&d=mm&r=g","contentUrl":"https:\/\/secure.gravatar.com\/avatar\/2fbb7a4ecbd6d240db01b926ab1aeda5?s=96&d=mm&r=g","caption":"a.khoury@addlab.it"},"sameAs":["http:\/\/localhost\/wp-template\/wp"],"url":"https:\/\/oncos.com\/es\/author\/a-khouryaddlab-it\/"}]}},"_links":{"self":[{"href":"https:\/\/oncos.com\/es\/wp-json\/wp\/v2\/posts\/9495"}],"collection":[{"href":"https:\/\/oncos.com\/es\/wp-json\/wp\/v2\/posts"}],"about":[{"href":"https:\/\/oncos.com\/es\/wp-json\/wp\/v2\/types\/post"}],"author":[{"embeddable":true,"href":"https:\/\/oncos.com\/es\/wp-json\/wp\/v2\/users\/1"}],"replies":[{"embeddable":true,"href":"https:\/\/oncos.com\/es\/wp-json\/wp\/v2\/comments?post=9495"}],"version-history":[{"count":2,"href":"https:\/\/oncos.com\/es\/wp-json\/wp\/v2\/posts\/9495\/revisions"}],"predecessor-version":[{"id":11084,"href":"https:\/\/oncos.com\/es\/wp-json\/wp\/v2\/posts\/9495\/revisions\/11084"}],"wp:featuredmedia":[{"embeddable":true,"href":"https:\/\/oncos.com\/es\/wp-json\/wp\/v2\/media\/9496"}],"wp:attachment":[{"href":"https:\/\/oncos.com\/es\/wp-json\/wp\/v2\/media?parent=9495"}],"wp:term":[{"taxonomy":"post_tag","embeddable":true,"href":"https:\/\/oncos.com\/es\/wp-json\/wp\/v2\/tags?post=9495"}],"curies":[{"name":"wp","href":"https:\/\/api.w.org\/{rel}","templated":true}]}}