{"id":9497,"date":"2023-09-22T08:08:44","date_gmt":"2023-09-22T08:08:44","guid":{"rendered":"https:\/\/oncos.com\/dermatitis-exfoliativa-que-es-y-como-cuidarla\/"},"modified":"2024-03-19T14:29:19","modified_gmt":"2024-03-19T14:29:19","slug":"dermatitis-exfoliativa-que-es-y-como-cuidarla","status":"publish","type":"post","link":"https:\/\/oncos.com\/es\/dermatitis-exfoliativa-que-es-y-como-cuidarla\/","title":{"rendered":"Dermatitis exfoliativa: qu\u00e9 es y c\u00f3mo cuidarla"},"content":{"rendered":"<h2>Dermatitis exfoliativa: \u00bfqu\u00e9 es?<\/h2>\n<p>La dermatitis exfoliativa puede afectar tanto a la piel del rostro como a la del cuerpo, con lesiones similares a las quemaduras. Este tipo de dermatitis puede ser una patolog\u00eda o un s\u00edntoma de otras enfermedades. En ambos casos, puede provocar infecciones cut\u00e1neas.<\/p>\n<p>La dermatitis exfoliativa no es contagiosa. Al principio, la piel sujeta a esta dermatitis aparece roja y brillante, similar a un eritema. A continuaci\u00f3n, presenta verdaderas erupciones cut\u00e1neas escamosas y gruesas que pronto se descaman y exfolian.<\/p>\n<p>A veces, esta afecci\u00f3n se acompa\u00f1a de otros s\u00edntomas como fiebre, malestar generalizado y escalofr\u00edos.<\/p>\n<h2>\u00bfCu\u00e1les son las causas?<\/h2>\n<p>La dermatitis exfoliativa puede estar causada por enfermedades sist\u00e9micas, infecciones o por la toma de determinados medicamentos. Las enfermedades autoinmunes, como la psoriasis, pueden ser algunas de las responsables de este tipo de dermatitis. Otras causas pueden ser reacciones al\u00e9rgicas a determinados tipos de f\u00e1rmacos, como ciertos antibi\u00f3ticos.<\/p>\n<p>Ciertas enfermedades oncol\u00f3gicas, como la leucemia, tambi\u00e9n pueden tener esta dermatitis particular como efecto secundario.<\/p>\n<h2>Dermatitis exfoliativa: la cara<\/h2>\n<p>Si la dermatitis afecta a la piel de la cara, las erupciones se concentrar\u00e1n en las mejillas, la frente, los labios y los p\u00e1rpados. En este caso tambi\u00e9n podr\u00eda tratarse de una reacci\u00f3n al\u00e9rgica a determinados cosm\u00e9ticos.<\/p>\n<h2>\u00bfQu\u00e9 hay que hacer?<\/h2>\n<p>El primer paso para controlar y tratar la dermatitis exfoliativa es consultar a un m\u00e9dico especializado para identificar precozmente los factores desencadenantes.<\/p>\n<p>Para proteger y salvaguardar la pel\u00edcula hidrolip\u00eddica de la piel es importante utilizar los productos adecuados, como el <a href=\"\/es\/productos\/champu-de-ducha-suave\/\">Champ\u00fa de Ducha Delicado de Oncos<\/a>, dise\u00f1ado para limpiar la piel de forma delicada, tiene una acci\u00f3n hidratante y reestructurante.<\/p>\n<p>En cualquier caso es importante suavizar la piel con cremas nutritivas y emolientes como la <a href=\"\/es\/productos\/crema-corporal-emoliente\/\">Crema Corporal Emoliente Oncos<\/a>, si la zona a tratar es el cuerpo, o como la <a href=\"\/es\/productos\/crema-facial-hidratante\/\">Crema Facial Hidratante<\/a>, si la zona a tratar es el rostro.<\/p>\n<p>Si la dermatitis exfoliativa es generalizada, recomendamos el <a href=\"\/es\/productos\/aceite-seco-protector\/\">Aceite Seco Protector<\/a>, que es superhidratante y emoliente, pero no graso.<\/p>\n","protected":false},"excerpt":{"rendered":"<p>Dermatitis exfoliativa: \u00bfqu\u00e9 es? La dermatitis exfoliativa puede afectar tanto a la piel del rostro como a la del cuerpo, con lesiones similares a las quemaduras. Este tipo de dermatitis puede ser una patolog\u00eda o un s\u00edntoma de otras enfermedades. En ambos casos, puede provocar infecciones cut\u00e1neas. La dermatitis exfoliativa no es contagiosa. Al principio, [&hellip;]<\/p>\n","protected":false},"author":1,"featured_media":9498,"comment_status":"open","ping_status":"open","sticky":false,"template":"","format":"standard","meta":{"footnotes":""},"tags":[],"acf":[],"yoast_head":"<!-- This site is optimized with the Yoast SEO plugin v21.3 - https:\/\/yoast.com\/wordpress\/plugins\/seo\/ -->\n<title>Dermatitis exfoliativa: c\u00f3mo tratarla - Oncos<\/title>\n<meta name=\"description\" content=\"Dermatitis exfoliativa: qu\u00e9 es la dermatitis exfoliativa y c\u00f3mo cuidar la piel propensa a este problema. Desc\u00fabrelo en Oncos.\" \/>\n<meta name=\"robots\" content=\"index, follow, max-snippet:-1, max-image-preview:large, max-video-preview:-1\" \/>\n<link rel=\"canonical\" href=\"https:\/\/oncos.com\/es\/dermatitis-exfoliativa-que-es-y-como-cuidarla\/\" \/>\n<meta property=\"og:locale\" content=\"es_ES\" \/>\n<meta property=\"og:type\" content=\"article\" \/>\n<meta property=\"og:title\" content=\"Dermatitis exfoliativa: c\u00f3mo tratarla - Oncos\" \/>\n<meta property=\"og:description\" content=\"Dermatitis exfoliativa: qu\u00e9 es la dermatitis exfoliativa y c\u00f3mo cuidar la piel propensa a este problema. Desc\u00fabrelo en Oncos.\" \/>\n<meta property=\"og:url\" content=\"https:\/\/oncos.com\/es\/dermatitis-exfoliativa-que-es-y-como-cuidarla\/\" \/>\n<meta property=\"og:site_name\" content=\"Oncos\" \/>\n<meta property=\"article:publisher\" content=\"https:\/\/www.facebook.com\/oncoscosmetica\" \/>\n<meta property=\"article:published_time\" content=\"2023-09-22T08:08:44+00:00\" \/>\n<meta property=\"article:modified_time\" content=\"2024-03-19T14:29:19+00:00\" \/>\n<meta property=\"og:image\" content=\"https:\/\/oncos.com\/site\/uploads\/2023\/09\/oncos-cover2.jpg\" \/>\n\t<meta property=\"og:image:width\" content=\"2000\" \/>\n\t<meta property=\"og:image:height\" content=\"1333\" \/>\n\t<meta property=\"og:image:type\" content=\"image\/jpeg\" \/>\n<meta name=\"author\" content=\"a.khoury@addlab.it\" \/>\n<meta name=\"twitter:card\" content=\"summary_large_image\" \/>\n<meta name=\"twitter:label1\" content=\"Written by\" \/>\n\t<meta name=\"twitter:data1\" content=\"a.khoury@addlab.it\" \/>\n\t<meta name=\"twitter:label2\" content=\"Est. reading time\" \/>\n\t<meta name=\"twitter:data2\" content=\"2 minutes\" \/>\n<script type=\"application\/ld+json\" class=\"yoast-schema-graph\">{\"@context\":\"https:\/\/schema.org\",\"@graph\":[{\"@type\":\"Article\",\"@id\":\"https:\/\/oncos.com\/es\/dermatitis-exfoliativa-que-es-y-como-cuidarla\/#article\",\"isPartOf\":{\"@id\":\"https:\/\/oncos.com\/es\/dermatitis-exfoliativa-que-es-y-como-cuidarla\/\"},\"author\":{\"name\":\"a.khoury@addlab.it\",\"@id\":\"https:\/\/www.oncos.com\/es\/#\/schema\/person\/d9649ac4ee541335a132a4d800771d28\"},\"headline\":\"Dermatitis exfoliativa: qu\u00e9 es y c\u00f3mo cuidarla\",\"datePublished\":\"2023-09-22T08:08:44+00:00\",\"dateModified\":\"2024-03-19T14:29:19+00:00\",\"mainEntityOfPage\":{\"@id\":\"https:\/\/oncos.com\/es\/dermatitis-exfoliativa-que-es-y-como-cuidarla\/\"},\"wordCount\":367,\"commentCount\":0,\"publisher\":{\"@id\":\"https:\/\/www.oncos.com\/es\/#organization\"},\"inLanguage\":\"es-ES\",\"potentialAction\":[{\"@type\":\"CommentAction\",\"name\":\"Comment\",\"target\":[\"https:\/\/oncos.com\/es\/dermatitis-exfoliativa-que-es-y-como-cuidarla\/#respond\"]}]},{\"@type\":\"WebPage\",\"@id\":\"https:\/\/oncos.com\/es\/dermatitis-exfoliativa-que-es-y-como-cuidarla\/\",\"url\":\"https:\/\/oncos.com\/es\/dermatitis-exfoliativa-que-es-y-como-cuidarla\/\",\"name\":\"Dermatitis exfoliativa: c\u00f3mo tratarla - Oncos\",\"isPartOf\":{\"@id\":\"https:\/\/www.oncos.com\/es\/#website\"},\"datePublished\":\"2023-09-22T08:08:44+00:00\",\"dateModified\":\"2024-03-19T14:29:19+00:00\",\"description\":\"Dermatitis exfoliativa: qu\u00e9 es la dermatitis exfoliativa y c\u00f3mo cuidar la piel propensa a este problema. Desc\u00fabrelo en Oncos.\",\"breadcrumb\":{\"@id\":\"https:\/\/oncos.com\/es\/dermatitis-exfoliativa-que-es-y-como-cuidarla\/#breadcrumb\"},\"inLanguage\":\"es-ES\",\"potentialAction\":[{\"@type\":\"ReadAction\",\"target\":[\"https:\/\/oncos.com\/es\/dermatitis-exfoliativa-que-es-y-como-cuidarla\/\"]}]},{\"@type\":\"BreadcrumbList\",\"@id\":\"https:\/\/oncos.com\/es\/dermatitis-exfoliativa-que-es-y-como-cuidarla\/#breadcrumb\",\"itemListElement\":[{\"@type\":\"ListItem\",\"position\":1,\"name\":\"Home\",\"item\":\"https:\/\/oncos.com\/es\/\"},{\"@type\":\"ListItem\",\"position\":2,\"name\":\"Dermatitis exfoliativa: qu\u00e9 es y c\u00f3mo cuidarla\"}]},{\"@type\":\"WebSite\",\"@id\":\"https:\/\/www.oncos.com\/es\/#website\",\"url\":\"https:\/\/www.oncos.com\/es\/\",\"name\":\"Oncos\",\"description\":\"\",\"publisher\":{\"@id\":\"https:\/\/www.oncos.com\/es\/#organization\"},\"potentialAction\":[{\"@type\":\"SearchAction\",\"target\":{\"@type\":\"EntryPoint\",\"urlTemplate\":\"https:\/\/www.oncos.com\/es\/?s={search_term_string}\"},\"query-input\":\"required name=search_term_string\"}],\"inLanguage\":\"es-ES\"},{\"@type\":\"Organization\",\"@id\":\"https:\/\/www.oncos.com\/es\/#organization\",\"name\":\"Oncos\",\"url\":\"https:\/\/www.oncos.com\/es\/\",\"logo\":{\"@type\":\"ImageObject\",\"inLanguage\":\"es-ES\",\"@id\":\"https:\/\/www.oncos.com\/es\/#\/schema\/logo\/image\/\",\"url\":\"https:\/\/oncos.com\/site\/uploads\/2023\/08\/logo.png\",\"contentUrl\":\"https:\/\/oncos.com\/site\/uploads\/2023\/08\/logo.png\",\"width\":693,\"height\":200,\"caption\":\"Oncos\"},\"image\":{\"@id\":\"https:\/\/www.oncos.com\/es\/#\/schema\/logo\/image\/\"},\"sameAs\":[\"https:\/\/www.facebook.com\/oncoscosmetica\",\"https:\/\/www.instagram.com\/oncos_cosmetici\/\"]},{\"@type\":\"Person\",\"@id\":\"https:\/\/www.oncos.com\/es\/#\/schema\/person\/d9649ac4ee541335a132a4d800771d28\",\"name\":\"a.khoury@addlab.it\",\"image\":{\"@type\":\"ImageObject\",\"inLanguage\":\"es-ES\",\"@id\":\"https:\/\/www.oncos.com\/es\/#\/schema\/person\/image\/\",\"url\":\"https:\/\/secure.gravatar.com\/avatar\/2fbb7a4ecbd6d240db01b926ab1aeda5?s=96&d=mm&r=g\",\"contentUrl\":\"https:\/\/secure.gravatar.com\/avatar\/2fbb7a4ecbd6d240db01b926ab1aeda5?s=96&d=mm&r=g\",\"caption\":\"a.khoury@addlab.it\"},\"sameAs\":[\"http:\/\/localhost\/wp-template\/wp\"],\"url\":\"https:\/\/oncos.com\/es\/author\/a-khouryaddlab-it\/\"}]}<\/script>\n<!-- \/ Yoast SEO plugin. -->","yoast_head_json":{"title":"Dermatitis exfoliativa: c\u00f3mo tratarla - Oncos","description":"Dermatitis exfoliativa: qu\u00e9 es la dermatitis exfoliativa y c\u00f3mo cuidar la piel propensa a este problema. Desc\u00fabrelo en Oncos.","robots":{"index":"index","follow":"follow","max-snippet":"max-snippet:-1","max-image-preview":"max-image-preview:large","max-video-preview":"max-video-preview:-1"},"canonical":"https:\/\/oncos.com\/es\/dermatitis-exfoliativa-que-es-y-como-cuidarla\/","og_locale":"es_ES","og_type":"article","og_title":"Dermatitis exfoliativa: c\u00f3mo tratarla - Oncos","og_description":"Dermatitis exfoliativa: qu\u00e9 es la dermatitis exfoliativa y c\u00f3mo cuidar la piel propensa a este problema. Desc\u00fabrelo en Oncos.","og_url":"https:\/\/oncos.com\/es\/dermatitis-exfoliativa-que-es-y-como-cuidarla\/","og_site_name":"Oncos","article_publisher":"https:\/\/www.facebook.com\/oncoscosmetica","article_published_time":"2023-09-22T08:08:44+00:00","article_modified_time":"2024-03-19T14:29:19+00:00","og_image":[{"width":2000,"height":1333,"url":"https:\/\/oncos.com\/site\/uploads\/2023\/09\/oncos-cover2.jpg","type":"image\/jpeg"}],"author":"a.khoury@addlab.it","twitter_card":"summary_large_image","twitter_misc":{"Written by":"a.khoury@addlab.it","Est. reading time":"2 minutes"},"schema":{"@context":"https:\/\/schema.org","@graph":[{"@type":"Article","@id":"https:\/\/oncos.com\/es\/dermatitis-exfoliativa-que-es-y-como-cuidarla\/#article","isPartOf":{"@id":"https:\/\/oncos.com\/es\/dermatitis-exfoliativa-que-es-y-como-cuidarla\/"},"author":{"name":"a.khoury@addlab.it","@id":"https:\/\/www.oncos.com\/es\/#\/schema\/person\/d9649ac4ee541335a132a4d800771d28"},"headline":"Dermatitis exfoliativa: qu\u00e9 es y c\u00f3mo cuidarla","datePublished":"2023-09-22T08:08:44+00:00","dateModified":"2024-03-19T14:29:19+00:00","mainEntityOfPage":{"@id":"https:\/\/oncos.com\/es\/dermatitis-exfoliativa-que-es-y-como-cuidarla\/"},"wordCount":367,"commentCount":0,"publisher":{"@id":"https:\/\/www.oncos.com\/es\/#organization"},"inLanguage":"es-ES","potentialAction":[{"@type":"CommentAction","name":"Comment","target":["https:\/\/oncos.com\/es\/dermatitis-exfoliativa-que-es-y-como-cuidarla\/#respond"]}]},{"@type":"WebPage","@id":"https:\/\/oncos.com\/es\/dermatitis-exfoliativa-que-es-y-como-cuidarla\/","url":"https:\/\/oncos.com\/es\/dermatitis-exfoliativa-que-es-y-como-cuidarla\/","name":"Dermatitis exfoliativa: c\u00f3mo tratarla - Oncos","isPartOf":{"@id":"https:\/\/www.oncos.com\/es\/#website"},"datePublished":"2023-09-22T08:08:44+00:00","dateModified":"2024-03-19T14:29:19+00:00","description":"Dermatitis exfoliativa: qu\u00e9 es la dermatitis exfoliativa y c\u00f3mo cuidar la piel propensa a este problema. Desc\u00fabrelo en Oncos.","breadcrumb":{"@id":"https:\/\/oncos.com\/es\/dermatitis-exfoliativa-que-es-y-como-cuidarla\/#breadcrumb"},"inLanguage":"es-ES","potentialAction":[{"@type":"ReadAction","target":["https:\/\/oncos.com\/es\/dermatitis-exfoliativa-que-es-y-como-cuidarla\/"]}]},{"@type":"BreadcrumbList","@id":"https:\/\/oncos.com\/es\/dermatitis-exfoliativa-que-es-y-como-cuidarla\/#breadcrumb","itemListElement":[{"@type":"ListItem","position":1,"name":"Home","item":"https:\/\/oncos.com\/es\/"},{"@type":"ListItem","position":2,"name":"Dermatitis exfoliativa: qu\u00e9 es y c\u00f3mo cuidarla"}]},{"@type":"WebSite","@id":"https:\/\/www.oncos.com\/es\/#website","url":"https:\/\/www.oncos.com\/es\/","name":"Oncos","description":"","publisher":{"@id":"https:\/\/www.oncos.com\/es\/#organization"},"potentialAction":[{"@type":"SearchAction","target":{"@type":"EntryPoint","urlTemplate":"https:\/\/www.oncos.com\/es\/?s={search_term_string}"},"query-input":"required name=search_term_string"}],"inLanguage":"es-ES"},{"@type":"Organization","@id":"https:\/\/www.oncos.com\/es\/#organization","name":"Oncos","url":"https:\/\/www.oncos.com\/es\/","logo":{"@type":"ImageObject","inLanguage":"es-ES","@id":"https:\/\/www.oncos.com\/es\/#\/schema\/logo\/image\/","url":"https:\/\/oncos.com\/site\/uploads\/2023\/08\/logo.png","contentUrl":"https:\/\/oncos.com\/site\/uploads\/2023\/08\/logo.png","width":693,"height":200,"caption":"Oncos"},"image":{"@id":"https:\/\/www.oncos.com\/es\/#\/schema\/logo\/image\/"},"sameAs":["https:\/\/www.facebook.com\/oncoscosmetica","https:\/\/www.instagram.com\/oncos_cosmetici\/"]},{"@type":"Person","@id":"https:\/\/www.oncos.com\/es\/#\/schema\/person\/d9649ac4ee541335a132a4d800771d28","name":"a.khoury@addlab.it","image":{"@type":"ImageObject","inLanguage":"es-ES","@id":"https:\/\/www.oncos.com\/es\/#\/schema\/person\/image\/","url":"https:\/\/secure.gravatar.com\/avatar\/2fbb7a4ecbd6d240db01b926ab1aeda5?s=96&d=mm&r=g","contentUrl":"https:\/\/secure.gravatar.com\/avatar\/2fbb7a4ecbd6d240db01b926ab1aeda5?s=96&d=mm&r=g","caption":"a.khoury@addlab.it"},"sameAs":["http:\/\/localhost\/wp-template\/wp"],"url":"https:\/\/oncos.com\/es\/author\/a-khouryaddlab-it\/"}]}},"_links":{"self":[{"href":"https:\/\/oncos.com\/es\/wp-json\/wp\/v2\/posts\/9497"}],"collection":[{"href":"https:\/\/oncos.com\/es\/wp-json\/wp\/v2\/posts"}],"about":[{"href":"https:\/\/oncos.com\/es\/wp-json\/wp\/v2\/types\/post"}],"author":[{"embeddable":true,"href":"https:\/\/oncos.com\/es\/wp-json\/wp\/v2\/users\/1"}],"replies":[{"embeddable":true,"href":"https:\/\/oncos.com\/es\/wp-json\/wp\/v2\/comments?post=9497"}],"version-history":[{"count":2,"href":"https:\/\/oncos.com\/es\/wp-json\/wp\/v2\/posts\/9497\/revisions"}],"predecessor-version":[{"id":11086,"href":"https:\/\/oncos.com\/es\/wp-json\/wp\/v2\/posts\/9497\/revisions\/11086"}],"wp:featuredmedia":[{"embeddable":true,"href":"https:\/\/oncos.com\/es\/wp-json\/wp\/v2\/media\/9498"}],"wp:attachment":[{"href":"https:\/\/oncos.com\/es\/wp-json\/wp\/v2\/media?parent=9497"}],"wp:term":[{"taxonomy":"post_tag","embeddable":true,"href":"https:\/\/oncos.com\/es\/wp-json\/wp\/v2\/tags?post=9497"}],"curies":[{"name":"wp","href":"https:\/\/api.w.org\/{rel}","templated":true}]}}