{"id":9499,"date":"2023-09-22T08:01:27","date_gmt":"2023-09-22T08:01:27","guid":{"rendered":"https:\/\/oncos.com\/dermatitis-por-quimioterapia-como-intervenir\/"},"modified":"2024-03-19T14:30:38","modified_gmt":"2024-03-19T14:30:38","slug":"dermatitis-por-quimioterapia-como-intervenir","status":"publish","type":"post","link":"https:\/\/oncos.com\/es\/dermatitis-por-quimioterapia-como-intervenir\/","title":{"rendered":"Dermatitis por quimioterapia: \u00bfc\u00f3mo intervenir?"},"content":{"rendered":"<p>Las terapias contra el c\u00e1ncer son muy agresivas y tienen un fuerte impacto en todo el organismo. Por eso, aunque son vitales para combatir la enfermedad, tambi\u00e9n provocan muchos cambios dr\u00e1sticos en toda la piel. Entre ellos se encuentra la<strong> dermatitis por quimioterapia<\/strong>.<\/p>\n<p>Las reacciones cut\u00e1neas de la quimioterapia se producen con intensidad variable y pueden aparecer desde el inicio del tratamiento, pero tambi\u00e9n durante o despu\u00e9s. Generalmente, la primera se\u00f1al de alarma es la simple sensaci\u00f3n de sequedad de la piel, un s\u00edntoma que a menudo se subestima y se descuida. Es muy importante saber reconocer cada se\u00f1al del organismo y cuidarla prestando la atenci\u00f3n adecuada y utilizando los productos m\u00e1s apropiados.<\/p>\n<h2>Dermatitis por quimioterapia, un problema cut\u00e1neo<\/h2>\n<p>La <strong>dermatitis por quimioterapia<\/strong> puede aparecer como consecuencia de un tratamiento intenso. \u00bfC\u00f3mo reconocerla?<\/p>\n<p>La piel empieza a volverse cada vez m\u00e1s delicada y fina, lo que ralentiza su capacidad de regeneraci\u00f3n. A medida que avanza el tratamiento se vuelve cada vez m\u00e1s sensible con la aparici\u00f3n de las primeras rojeces. Finalmente, aparece el eritema, con enrojecimiento, ampollas y picor.<\/p>\n<h2>Dermatitis por quimioterapia, c\u00f3mo intervenir:<\/h2>\n<p>Cuando aparece una <strong>dermatitis por quimioterapia<\/strong>, es bueno ayudar a la piel con cosm\u00e9ticos formulados adecuadamente para restablecer la hidrataci\u00f3n del estrato c\u00f3rneo. Hay que reducir al m\u00e1ximo la <strong>deshidrataci\u00f3n<\/strong> y la <strong>irritaci\u00f3n<\/strong>.<\/p>\n<p>Los estudios han demostrado que los tratamientos de <strong>est\u00e9tica oncol\u00f3gica<\/strong>, incluyendo el uso de productos cosm\u00e9ticos espec\u00edficos, son muy eficaces para mejorar la salud de la piel, pero no s\u00f3lo eso: tambi\u00e9n ayudan a mejorar la calidad de vida de las personas, llevando a los pacientes a afrontar la enfermedad con una imagen m\u00e1s positiva de s\u00ed mismos.<\/p>\n<p><strong>Seguir una rutina diaria<\/strong><\/p>\n<p>Es necesario seguir una <strong>rutina diaria correcta<\/strong>:<\/p>\n<ul>\n<li>Hidratar la piel de 2 a 3 veces al d\u00eda con cremas hidratantes calmantes y antiinflamatorias;<\/li>\n<li>Utilizar sustancias calmantes y emolientes;<\/li>\n<li>Limitar la exposici\u00f3n al sol y aplicar cremas solares con un factor de protecci\u00f3n elevado;<\/li>\n<li>Evitar el uso de productos que contengan alcohol y perfume;<\/li>\n<li>Tomar duchas r\u00e1pidas y tibias, en lugar de ba\u00f1os calientes que pueden reavivar el picor;<\/li>\n<li>Secar la piel suavemente sin frotar;<\/li>\n<li>Evitar las fibras sint\u00e9ticas y la lana que pueden causar m\u00e1s irritaci\u00f3n, preferir el algod\u00f3n;<\/li>\n<li>Beber mucha agua.<\/li>\n<\/ul>\n<p><strong>Ingredientes cosm\u00e9ticos a utilizar<\/strong><\/p>\n<p>Utilizar cosm\u00e9ticos con <strong>principios activos hidratantes<\/strong> y emolientes. Entre ellos, la <a href=\"\/es\/productos\/crema-facial-hidratante\/\">crema corporal emoliente<\/a> dise\u00f1ada para <strong>hidratar, proteger, calmar y mejorar el estado general de la piel<\/strong>. Gracias al principio activo natural derivado de la <strong>pimienta de Sichuan<\/strong>, ayuda a <strong>combatir la sensaci\u00f3n de picor<\/strong>.<\/p>\n<p>Los aceites y mantecas vegetales ricos en OMEGA 3 y 6 son esenciales para la integridad de la piel.<\/p>\n","protected":false},"excerpt":{"rendered":"<p>Las terapias contra el c\u00e1ncer son muy agresivas y tienen un fuerte impacto en todo el organismo. Por eso, aunque son vitales para combatir la enfermedad, tambi\u00e9n provocan muchos cambios dr\u00e1sticos en toda la piel. Entre ellos se encuentra la dermatitis por quimioterapia. Las reacciones cut\u00e1neas de la quimioterapia se producen con intensidad variable y [&hellip;]<\/p>\n","protected":false},"author":1,"featured_media":9500,"comment_status":"open","ping_status":"open","sticky":false,"template":"","format":"standard","meta":{"footnotes":""},"tags":[],"acf":[],"yoast_head":"<!-- This site is optimized with the Yoast SEO plugin v21.3 - https:\/\/yoast.com\/wordpress\/plugins\/seo\/ -->\n<title>Dermatitis por quimioterapia: c\u00f3mo tratarla - Oncos<\/title>\n<meta name=\"description\" content=\"Dermatitis por quimioterapia: qu\u00e9 es la quimiodermatitis y c\u00f3mo cuidar la piel propensa a este problema. Desc\u00fabrelo en Oncos.\" \/>\n<meta name=\"robots\" content=\"index, follow, max-snippet:-1, max-image-preview:large, max-video-preview:-1\" \/>\n<link rel=\"canonical\" href=\"https:\/\/oncos.com\/es\/dermatitis-por-quimioterapia-como-intervenir\/\" \/>\n<meta property=\"og:locale\" content=\"es_ES\" \/>\n<meta property=\"og:type\" content=\"article\" \/>\n<meta property=\"og:title\" content=\"Dermatitis por quimioterapia: c\u00f3mo tratarla - Oncos\" \/>\n<meta property=\"og:description\" content=\"Dermatitis por quimioterapia: qu\u00e9 es la quimiodermatitis y c\u00f3mo cuidar la piel propensa a este problema. Desc\u00fabrelo en Oncos.\" \/>\n<meta property=\"og:url\" content=\"https:\/\/oncos.com\/es\/dermatitis-por-quimioterapia-como-intervenir\/\" \/>\n<meta property=\"og:site_name\" content=\"Oncos\" \/>\n<meta property=\"article:publisher\" content=\"https:\/\/www.facebook.com\/oncoscosmetica\" \/>\n<meta property=\"article:published_time\" content=\"2023-09-22T08:01:27+00:00\" \/>\n<meta property=\"article:modified_time\" content=\"2024-03-19T14:30:38+00:00\" \/>\n<meta property=\"og:image\" content=\"https:\/\/oncos.com\/site\/uploads\/2023\/09\/oncos-cover3-1-scaled-1.jpg\" \/>\n\t<meta property=\"og:image:width\" content=\"2560\" \/>\n\t<meta property=\"og:image:height\" content=\"1706\" \/>\n\t<meta property=\"og:image:type\" content=\"image\/jpeg\" \/>\n<meta name=\"author\" content=\"a.khoury@addlab.it\" \/>\n<meta name=\"twitter:card\" content=\"summary_large_image\" \/>\n<meta name=\"twitter:label1\" content=\"Written by\" \/>\n\t<meta name=\"twitter:data1\" content=\"a.khoury@addlab.it\" \/>\n\t<meta name=\"twitter:label2\" content=\"Est. reading time\" \/>\n\t<meta name=\"twitter:data2\" content=\"2 minutes\" \/>\n<script type=\"application\/ld+json\" class=\"yoast-schema-graph\">{\"@context\":\"https:\/\/schema.org\",\"@graph\":[{\"@type\":\"Article\",\"@id\":\"https:\/\/oncos.com\/es\/dermatitis-por-quimioterapia-como-intervenir\/#article\",\"isPartOf\":{\"@id\":\"https:\/\/oncos.com\/es\/dermatitis-por-quimioterapia-como-intervenir\/\"},\"author\":{\"name\":\"a.khoury@addlab.it\",\"@id\":\"https:\/\/www.oncos.com\/es\/#\/schema\/person\/d9649ac4ee541335a132a4d800771d28\"},\"headline\":\"Dermatitis por quimioterapia: \u00bfc\u00f3mo intervenir?\",\"datePublished\":\"2023-09-22T08:01:27+00:00\",\"dateModified\":\"2024-03-19T14:30:38+00:00\",\"mainEntityOfPage\":{\"@id\":\"https:\/\/oncos.com\/es\/dermatitis-por-quimioterapia-como-intervenir\/\"},\"wordCount\":486,\"commentCount\":0,\"publisher\":{\"@id\":\"https:\/\/www.oncos.com\/es\/#organization\"},\"inLanguage\":\"es-ES\",\"potentialAction\":[{\"@type\":\"CommentAction\",\"name\":\"Comment\",\"target\":[\"https:\/\/oncos.com\/es\/dermatitis-por-quimioterapia-como-intervenir\/#respond\"]}]},{\"@type\":\"WebPage\",\"@id\":\"https:\/\/oncos.com\/es\/dermatitis-por-quimioterapia-como-intervenir\/\",\"url\":\"https:\/\/oncos.com\/es\/dermatitis-por-quimioterapia-como-intervenir\/\",\"name\":\"Dermatitis por quimioterapia: c\u00f3mo tratarla - Oncos\",\"isPartOf\":{\"@id\":\"https:\/\/www.oncos.com\/es\/#website\"},\"datePublished\":\"2023-09-22T08:01:27+00:00\",\"dateModified\":\"2024-03-19T14:30:38+00:00\",\"description\":\"Dermatitis por quimioterapia: qu\u00e9 es la quimiodermatitis y c\u00f3mo cuidar la piel propensa a este problema. Desc\u00fabrelo en Oncos.\",\"breadcrumb\":{\"@id\":\"https:\/\/oncos.com\/es\/dermatitis-por-quimioterapia-como-intervenir\/#breadcrumb\"},\"inLanguage\":\"es-ES\",\"potentialAction\":[{\"@type\":\"ReadAction\",\"target\":[\"https:\/\/oncos.com\/es\/dermatitis-por-quimioterapia-como-intervenir\/\"]}]},{\"@type\":\"BreadcrumbList\",\"@id\":\"https:\/\/oncos.com\/es\/dermatitis-por-quimioterapia-como-intervenir\/#breadcrumb\",\"itemListElement\":[{\"@type\":\"ListItem\",\"position\":1,\"name\":\"Home\",\"item\":\"https:\/\/oncos.com\/es\/\"},{\"@type\":\"ListItem\",\"position\":2,\"name\":\"Dermatitis por quimioterapia: \u00bfc\u00f3mo intervenir?\"}]},{\"@type\":\"WebSite\",\"@id\":\"https:\/\/www.oncos.com\/es\/#website\",\"url\":\"https:\/\/www.oncos.com\/es\/\",\"name\":\"Oncos\",\"description\":\"\",\"publisher\":{\"@id\":\"https:\/\/www.oncos.com\/es\/#organization\"},\"potentialAction\":[{\"@type\":\"SearchAction\",\"target\":{\"@type\":\"EntryPoint\",\"urlTemplate\":\"https:\/\/www.oncos.com\/es\/?s={search_term_string}\"},\"query-input\":\"required name=search_term_string\"}],\"inLanguage\":\"es-ES\"},{\"@type\":\"Organization\",\"@id\":\"https:\/\/www.oncos.com\/es\/#organization\",\"name\":\"Oncos\",\"url\":\"https:\/\/www.oncos.com\/es\/\",\"logo\":{\"@type\":\"ImageObject\",\"inLanguage\":\"es-ES\",\"@id\":\"https:\/\/www.oncos.com\/es\/#\/schema\/logo\/image\/\",\"url\":\"https:\/\/oncos.com\/site\/uploads\/2023\/08\/logo.png\",\"contentUrl\":\"https:\/\/oncos.com\/site\/uploads\/2023\/08\/logo.png\",\"width\":693,\"height\":200,\"caption\":\"Oncos\"},\"image\":{\"@id\":\"https:\/\/www.oncos.com\/es\/#\/schema\/logo\/image\/\"},\"sameAs\":[\"https:\/\/www.facebook.com\/oncoscosmetica\",\"https:\/\/www.instagram.com\/oncos_cosmetici\/\"]},{\"@type\":\"Person\",\"@id\":\"https:\/\/www.oncos.com\/es\/#\/schema\/person\/d9649ac4ee541335a132a4d800771d28\",\"name\":\"a.khoury@addlab.it\",\"image\":{\"@type\":\"ImageObject\",\"inLanguage\":\"es-ES\",\"@id\":\"https:\/\/www.oncos.com\/es\/#\/schema\/person\/image\/\",\"url\":\"https:\/\/secure.gravatar.com\/avatar\/2fbb7a4ecbd6d240db01b926ab1aeda5?s=96&d=mm&r=g\",\"contentUrl\":\"https:\/\/secure.gravatar.com\/avatar\/2fbb7a4ecbd6d240db01b926ab1aeda5?s=96&d=mm&r=g\",\"caption\":\"a.khoury@addlab.it\"},\"sameAs\":[\"http:\/\/localhost\/wp-template\/wp\"],\"url\":\"https:\/\/oncos.com\/es\/author\/a-khouryaddlab-it\/\"}]}<\/script>\n<!-- \/ Yoast SEO plugin. -->","yoast_head_json":{"title":"Dermatitis por quimioterapia: c\u00f3mo tratarla - Oncos","description":"Dermatitis por quimioterapia: qu\u00e9 es la quimiodermatitis y c\u00f3mo cuidar la piel propensa a este problema. Desc\u00fabrelo en Oncos.","robots":{"index":"index","follow":"follow","max-snippet":"max-snippet:-1","max-image-preview":"max-image-preview:large","max-video-preview":"max-video-preview:-1"},"canonical":"https:\/\/oncos.com\/es\/dermatitis-por-quimioterapia-como-intervenir\/","og_locale":"es_ES","og_type":"article","og_title":"Dermatitis por quimioterapia: c\u00f3mo tratarla - Oncos","og_description":"Dermatitis por quimioterapia: qu\u00e9 es la quimiodermatitis y c\u00f3mo cuidar la piel propensa a este problema. Desc\u00fabrelo en Oncos.","og_url":"https:\/\/oncos.com\/es\/dermatitis-por-quimioterapia-como-intervenir\/","og_site_name":"Oncos","article_publisher":"https:\/\/www.facebook.com\/oncoscosmetica","article_published_time":"2023-09-22T08:01:27+00:00","article_modified_time":"2024-03-19T14:30:38+00:00","og_image":[{"width":2560,"height":1706,"url":"https:\/\/oncos.com\/site\/uploads\/2023\/09\/oncos-cover3-1-scaled-1.jpg","type":"image\/jpeg"}],"author":"a.khoury@addlab.it","twitter_card":"summary_large_image","twitter_misc":{"Written by":"a.khoury@addlab.it","Est. reading time":"2 minutes"},"schema":{"@context":"https:\/\/schema.org","@graph":[{"@type":"Article","@id":"https:\/\/oncos.com\/es\/dermatitis-por-quimioterapia-como-intervenir\/#article","isPartOf":{"@id":"https:\/\/oncos.com\/es\/dermatitis-por-quimioterapia-como-intervenir\/"},"author":{"name":"a.khoury@addlab.it","@id":"https:\/\/www.oncos.com\/es\/#\/schema\/person\/d9649ac4ee541335a132a4d800771d28"},"headline":"Dermatitis por quimioterapia: \u00bfc\u00f3mo intervenir?","datePublished":"2023-09-22T08:01:27+00:00","dateModified":"2024-03-19T14:30:38+00:00","mainEntityOfPage":{"@id":"https:\/\/oncos.com\/es\/dermatitis-por-quimioterapia-como-intervenir\/"},"wordCount":486,"commentCount":0,"publisher":{"@id":"https:\/\/www.oncos.com\/es\/#organization"},"inLanguage":"es-ES","potentialAction":[{"@type":"CommentAction","name":"Comment","target":["https:\/\/oncos.com\/es\/dermatitis-por-quimioterapia-como-intervenir\/#respond"]}]},{"@type":"WebPage","@id":"https:\/\/oncos.com\/es\/dermatitis-por-quimioterapia-como-intervenir\/","url":"https:\/\/oncos.com\/es\/dermatitis-por-quimioterapia-como-intervenir\/","name":"Dermatitis por quimioterapia: c\u00f3mo tratarla - Oncos","isPartOf":{"@id":"https:\/\/www.oncos.com\/es\/#website"},"datePublished":"2023-09-22T08:01:27+00:00","dateModified":"2024-03-19T14:30:38+00:00","description":"Dermatitis por quimioterapia: qu\u00e9 es la quimiodermatitis y c\u00f3mo cuidar la piel propensa a este problema. Desc\u00fabrelo en Oncos.","breadcrumb":{"@id":"https:\/\/oncos.com\/es\/dermatitis-por-quimioterapia-como-intervenir\/#breadcrumb"},"inLanguage":"es-ES","potentialAction":[{"@type":"ReadAction","target":["https:\/\/oncos.com\/es\/dermatitis-por-quimioterapia-como-intervenir\/"]}]},{"@type":"BreadcrumbList","@id":"https:\/\/oncos.com\/es\/dermatitis-por-quimioterapia-como-intervenir\/#breadcrumb","itemListElement":[{"@type":"ListItem","position":1,"name":"Home","item":"https:\/\/oncos.com\/es\/"},{"@type":"ListItem","position":2,"name":"Dermatitis por quimioterapia: \u00bfc\u00f3mo intervenir?"}]},{"@type":"WebSite","@id":"https:\/\/www.oncos.com\/es\/#website","url":"https:\/\/www.oncos.com\/es\/","name":"Oncos","description":"","publisher":{"@id":"https:\/\/www.oncos.com\/es\/#organization"},"potentialAction":[{"@type":"SearchAction","target":{"@type":"EntryPoint","urlTemplate":"https:\/\/www.oncos.com\/es\/?s={search_term_string}"},"query-input":"required name=search_term_string"}],"inLanguage":"es-ES"},{"@type":"Organization","@id":"https:\/\/www.oncos.com\/es\/#organization","name":"Oncos","url":"https:\/\/www.oncos.com\/es\/","logo":{"@type":"ImageObject","inLanguage":"es-ES","@id":"https:\/\/www.oncos.com\/es\/#\/schema\/logo\/image\/","url":"https:\/\/oncos.com\/site\/uploads\/2023\/08\/logo.png","contentUrl":"https:\/\/oncos.com\/site\/uploads\/2023\/08\/logo.png","width":693,"height":200,"caption":"Oncos"},"image":{"@id":"https:\/\/www.oncos.com\/es\/#\/schema\/logo\/image\/"},"sameAs":["https:\/\/www.facebook.com\/oncoscosmetica","https:\/\/www.instagram.com\/oncos_cosmetici\/"]},{"@type":"Person","@id":"https:\/\/www.oncos.com\/es\/#\/schema\/person\/d9649ac4ee541335a132a4d800771d28","name":"a.khoury@addlab.it","image":{"@type":"ImageObject","inLanguage":"es-ES","@id":"https:\/\/www.oncos.com\/es\/#\/schema\/person\/image\/","url":"https:\/\/secure.gravatar.com\/avatar\/2fbb7a4ecbd6d240db01b926ab1aeda5?s=96&d=mm&r=g","contentUrl":"https:\/\/secure.gravatar.com\/avatar\/2fbb7a4ecbd6d240db01b926ab1aeda5?s=96&d=mm&r=g","caption":"a.khoury@addlab.it"},"sameAs":["http:\/\/localhost\/wp-template\/wp"],"url":"https:\/\/oncos.com\/es\/author\/a-khouryaddlab-it\/"}]}},"_links":{"self":[{"href":"https:\/\/oncos.com\/es\/wp-json\/wp\/v2\/posts\/9499"}],"collection":[{"href":"https:\/\/oncos.com\/es\/wp-json\/wp\/v2\/posts"}],"about":[{"href":"https:\/\/oncos.com\/es\/wp-json\/wp\/v2\/types\/post"}],"author":[{"embeddable":true,"href":"https:\/\/oncos.com\/es\/wp-json\/wp\/v2\/users\/1"}],"replies":[{"embeddable":true,"href":"https:\/\/oncos.com\/es\/wp-json\/wp\/v2\/comments?post=9499"}],"version-history":[{"count":1,"href":"https:\/\/oncos.com\/es\/wp-json\/wp\/v2\/posts\/9499\/revisions"}],"predecessor-version":[{"id":11087,"href":"https:\/\/oncos.com\/es\/wp-json\/wp\/v2\/posts\/9499\/revisions\/11087"}],"wp:featuredmedia":[{"embeddable":true,"href":"https:\/\/oncos.com\/es\/wp-json\/wp\/v2\/media\/9500"}],"wp:attachment":[{"href":"https:\/\/oncos.com\/es\/wp-json\/wp\/v2\/media?parent=9499"}],"wp:term":[{"taxonomy":"post_tag","embeddable":true,"href":"https:\/\/oncos.com\/es\/wp-json\/wp\/v2\/tags?post=9499"}],"curies":[{"name":"wp","href":"https:\/\/api.w.org\/{rel}","templated":true}]}}