{"id":9502,"date":"2023-09-13T07:54:29","date_gmt":"2023-09-13T07:54:29","guid":{"rendered":"https:\/\/oncos.com\/efectos-secundarios-de-la-radioterapia-a-largo-plazo\/"},"modified":"2024-03-19T14:27:00","modified_gmt":"2024-03-19T14:27:00","slug":"efectos-secundarios-de-la-radioterapia-a-largo-plazo","status":"publish","type":"post","link":"https:\/\/oncos.com\/es\/efectos-secundarios-de-la-radioterapia-a-largo-plazo\/","title":{"rendered":"Efectos secundarios de la radioterapia a largo plazo"},"content":{"rendered":"<p>Efectos secundarios de la radioterapia a largo plazo. Pueden producirse incluso a\u00f1os despu\u00e9s de la finalizaci\u00f3n, pueden ser de diversos tipos y a menudo se limitan a la zona tratada.<\/p>\n<p>Los efectos a largo plazo de la radioterapia incluyen:<\/p>\n<ul>\n<li><strong>Linfedema<\/strong><\/li>\n<li><strong>Infertilidad<\/strong><\/li>\n<li><strong>Trastornos de la cavidad oral<\/strong><\/li>\n<li><strong>Sensibilidad cut\u00e1nea<\/strong><\/li>\n<li><strong>Aparici\u00f3n de un segundo tumor<\/strong><\/li>\n<\/ul>\n<h2>Linfedema<\/h2>\n<p>Uno de los efectos a largo plazo de la radioterapia es el linfedema. El linfedema es una acumulaci\u00f3n de l\u00edquido en los tejidos subcut\u00e1neos, y los brazos y las piernas son las zonas m\u00e1s afectadas. Este efecto a largo plazo de la radioterapia se produce principalmente en aquellas personas que han sido operadas para extirpar bultos axilares o mamarios. En algunos casos se resuelve espont\u00e1neamente, pero en la mayor\u00eda se convierte en un problema cr\u00f3nico. El linfedema puede prevenirse mediante rehabilitaci\u00f3n.<\/p>\n<h2>Infertilidad<\/h2>\n<p>Otro de los efectos a largo plazo de la radioterapia es la infertilidad. Sobre todo si la radioterapia se ha producido en la zona p\u00e9lvica o en los \u00f3rganos reproductores. Sin embargo, existen varias formas de preservar la fertilidad antes de iniciar el tratamiento. En el caso de los hombres, se puede recurrir a los bancos de esperma, que se congela para su uso futuro. En las mujeres, se pueden congelar \u00f3vulos o tejido ov\u00e1rico.<\/p>\n<h2>Trastornos de la cavidad oral<\/h2>\n<p>Entre los efectos a largo plazo de la radioterapia figuran los trastornos de la cavidad oral y los relacionados con la degluci\u00f3n, los dientes y las enc\u00edas. Las gl\u00e1ndulas salivales, la lengua, las enc\u00edas y los dientes son muy sensibles a la radiaci\u00f3n de la radioterapia. Para prevenir este efecto secundario a largo plazo, es esencial una higiene bucal adecuada. Enju\u00e1guese la boca varias veces al d\u00eda con un colutorio espec\u00edfico como <a href=\"\/es\/productos\/enjuague-bucal-xerogel\/\">Xerogel Colutorio<\/a>. Evite por completo el tabaco y las bebidas alcoh\u00f3licas.<\/p>\n<h2>Sensibilidad cut\u00e1nea<\/h2>\n<p>Efectos secundarios a largo plazo de la radioterapia: est\u00e1 la sensibilidad cut\u00e1nea, que afecta principalmente a quienes han recibido radioterapia en la piel. Con el tiempo, la piel pierde su elasticidad natural y tiende a deshidratarse. Evitar la exposici\u00f3n al sol ser\u00e1 fundamental, junto con el uso de cremas emolientes e hidratantes como el <a href=\"\/es\/productos\/aceite-seco-protector\/\">Aceite Seco Protector<\/a> o la <a href=\"\/es\/productos\/crema-corporal-emoliente\/\">Crema Corporal Emoliente<\/a>.<\/p>\n<h2>La aparici\u00f3n de un segundo tumor<\/h2>\n<p>El \u00faltimo de los efectos a largo plazo de la radioterapia es la aparici\u00f3n de un nuevo tumor.De hecho, la radiaci\u00f3n es una de las posibles causas de tumores; la aparici\u00f3n de un nuevo tumor puede producirse hasta treinta a\u00f1os despu\u00e9s del primer tratamiento.Es esencial cambiar por completo el estilo de vida: hay que evitar por completo el tabaco, el alcohol y la exposici\u00f3n incontrolada al sol; llevar una vida sana, comer bien, hacer ejercicio y someterse a revisiones peri\u00f3dicas puede reducir la aparici\u00f3n de una nueva enfermedad.<\/p>\n","protected":false},"excerpt":{"rendered":"<p>Los efectos secundarios a largo plazo, que pueden aparecer incluso a\u00f1os despu\u00e9s de la intervenci\u00f3n, pueden ser de diversa \u00edndole y a menudo se limitan a la zona tratada.<\/p>\n","protected":false},"author":1,"featured_media":9503,"comment_status":"open","ping_status":"open","sticky":false,"template":"","format":"standard","meta":{"footnotes":""},"tags":[102,100],"acf":[],"yoast_head":"<!-- This site is optimized with the Yoast SEO plugin v21.3 - https:\/\/yoast.com\/wordpress\/plugins\/seo\/ -->\n<title>Efectos secundarios a largo plazo de la radioterapia - Oncos<\/title>\n<meta name=\"description\" content=\"Efectos secundarios de la radioterapia a largo plazo. Inf\u00f3rmese con Oncos sobre los efectos de las terapias a largo plazo y c\u00f3mo cuidarlos.\" \/>\n<meta name=\"robots\" content=\"index, follow, max-snippet:-1, max-image-preview:large, max-video-preview:-1\" \/>\n<link rel=\"canonical\" href=\"https:\/\/oncos.com\/es\/efectos-secundarios-de-la-radioterapia-a-largo-plazo\/\" \/>\n<meta property=\"og:locale\" content=\"es_ES\" \/>\n<meta property=\"og:type\" content=\"article\" \/>\n<meta property=\"og:title\" content=\"Efectos secundarios a largo plazo de la radioterapia - Oncos\" \/>\n<meta property=\"og:description\" content=\"Efectos secundarios de la radioterapia a largo plazo. Inf\u00f3rmese con Oncos sobre los efectos de las terapias a largo plazo y c\u00f3mo cuidarlos.\" \/>\n<meta property=\"og:url\" content=\"https:\/\/oncos.com\/es\/efectos-secundarios-de-la-radioterapia-a-largo-plazo\/\" \/>\n<meta property=\"og:site_name\" content=\"Oncos\" \/>\n<meta property=\"article:publisher\" content=\"https:\/\/www.facebook.com\/oncoscosmetica\" \/>\n<meta property=\"article:published_time\" content=\"2023-09-13T07:54:29+00:00\" \/>\n<meta property=\"article:modified_time\" content=\"2024-03-19T14:27:00+00:00\" \/>\n<meta property=\"og:image\" content=\"https:\/\/oncos.com\/site\/uploads\/2023\/09\/Radioterapia-effetti-collaterali-a-lungo-termine-3.jpg\" \/>\n\t<meta property=\"og:image:width\" content=\"1500\" \/>\n\t<meta property=\"og:image:height\" content=\"1000\" \/>\n\t<meta property=\"og:image:type\" content=\"image\/jpeg\" \/>\n<meta name=\"author\" content=\"a.khoury@addlab.it\" \/>\n<meta name=\"twitter:card\" content=\"summary_large_image\" \/>\n<meta name=\"twitter:label1\" content=\"Written by\" \/>\n\t<meta name=\"twitter:data1\" content=\"a.khoury@addlab.it\" \/>\n\t<meta name=\"twitter:label2\" content=\"Est. reading time\" \/>\n\t<meta name=\"twitter:data2\" content=\"3 minutes\" \/>\n<script type=\"application\/ld+json\" class=\"yoast-schema-graph\">{\"@context\":\"https:\/\/schema.org\",\"@graph\":[{\"@type\":\"Article\",\"@id\":\"https:\/\/oncos.com\/es\/efectos-secundarios-de-la-radioterapia-a-largo-plazo\/#article\",\"isPartOf\":{\"@id\":\"https:\/\/oncos.com\/es\/efectos-secundarios-de-la-radioterapia-a-largo-plazo\/\"},\"author\":{\"name\":\"a.khoury@addlab.it\",\"@id\":\"https:\/\/www.oncos.com\/es\/#\/schema\/person\/d9649ac4ee541335a132a4d800771d28\"},\"headline\":\"Efectos secundarios de la radioterapia a largo plazo\",\"datePublished\":\"2023-09-13T07:54:29+00:00\",\"dateModified\":\"2024-03-19T14:27:00+00:00\",\"mainEntityOfPage\":{\"@id\":\"https:\/\/oncos.com\/es\/efectos-secundarios-de-la-radioterapia-a-largo-plazo\/\"},\"wordCount\":503,\"commentCount\":0,\"publisher\":{\"@id\":\"https:\/\/www.oncos.com\/es\/#organization\"},\"keywords\":[\"Terapias\",\"Ver todos\"],\"inLanguage\":\"es-ES\",\"potentialAction\":[{\"@type\":\"CommentAction\",\"name\":\"Comment\",\"target\":[\"https:\/\/oncos.com\/es\/efectos-secundarios-de-la-radioterapia-a-largo-plazo\/#respond\"]}]},{\"@type\":\"WebPage\",\"@id\":\"https:\/\/oncos.com\/es\/efectos-secundarios-de-la-radioterapia-a-largo-plazo\/\",\"url\":\"https:\/\/oncos.com\/es\/efectos-secundarios-de-la-radioterapia-a-largo-plazo\/\",\"name\":\"Efectos secundarios a largo plazo de la radioterapia - Oncos\",\"isPartOf\":{\"@id\":\"https:\/\/www.oncos.com\/es\/#website\"},\"datePublished\":\"2023-09-13T07:54:29+00:00\",\"dateModified\":\"2024-03-19T14:27:00+00:00\",\"description\":\"Efectos secundarios de la radioterapia a largo plazo. Inf\u00f3rmese con Oncos sobre los efectos de las terapias a largo plazo y c\u00f3mo cuidarlos.\",\"breadcrumb\":{\"@id\":\"https:\/\/oncos.com\/es\/efectos-secundarios-de-la-radioterapia-a-largo-plazo\/#breadcrumb\"},\"inLanguage\":\"es-ES\",\"potentialAction\":[{\"@type\":\"ReadAction\",\"target\":[\"https:\/\/oncos.com\/es\/efectos-secundarios-de-la-radioterapia-a-largo-plazo\/\"]}]},{\"@type\":\"BreadcrumbList\",\"@id\":\"https:\/\/oncos.com\/es\/efectos-secundarios-de-la-radioterapia-a-largo-plazo\/#breadcrumb\",\"itemListElement\":[{\"@type\":\"ListItem\",\"position\":1,\"name\":\"Home\",\"item\":\"https:\/\/oncos.com\/es\/\"},{\"@type\":\"ListItem\",\"position\":2,\"name\":\"Efectos secundarios de la radioterapia a largo plazo\"}]},{\"@type\":\"WebSite\",\"@id\":\"https:\/\/www.oncos.com\/es\/#website\",\"url\":\"https:\/\/www.oncos.com\/es\/\",\"name\":\"Oncos\",\"description\":\"\",\"publisher\":{\"@id\":\"https:\/\/www.oncos.com\/es\/#organization\"},\"potentialAction\":[{\"@type\":\"SearchAction\",\"target\":{\"@type\":\"EntryPoint\",\"urlTemplate\":\"https:\/\/www.oncos.com\/es\/?s={search_term_string}\"},\"query-input\":\"required name=search_term_string\"}],\"inLanguage\":\"es-ES\"},{\"@type\":\"Organization\",\"@id\":\"https:\/\/www.oncos.com\/es\/#organization\",\"name\":\"Oncos\",\"url\":\"https:\/\/www.oncos.com\/es\/\",\"logo\":{\"@type\":\"ImageObject\",\"inLanguage\":\"es-ES\",\"@id\":\"https:\/\/www.oncos.com\/es\/#\/schema\/logo\/image\/\",\"url\":\"https:\/\/oncos.com\/site\/uploads\/2023\/08\/logo.png\",\"contentUrl\":\"https:\/\/oncos.com\/site\/uploads\/2023\/08\/logo.png\",\"width\":693,\"height\":200,\"caption\":\"Oncos\"},\"image\":{\"@id\":\"https:\/\/www.oncos.com\/es\/#\/schema\/logo\/image\/\"},\"sameAs\":[\"https:\/\/www.facebook.com\/oncoscosmetica\",\"https:\/\/www.instagram.com\/oncos_cosmetici\/\"]},{\"@type\":\"Person\",\"@id\":\"https:\/\/www.oncos.com\/es\/#\/schema\/person\/d9649ac4ee541335a132a4d800771d28\",\"name\":\"a.khoury@addlab.it\",\"image\":{\"@type\":\"ImageObject\",\"inLanguage\":\"es-ES\",\"@id\":\"https:\/\/www.oncos.com\/es\/#\/schema\/person\/image\/\",\"url\":\"https:\/\/secure.gravatar.com\/avatar\/2fbb7a4ecbd6d240db01b926ab1aeda5?s=96&d=mm&r=g\",\"contentUrl\":\"https:\/\/secure.gravatar.com\/avatar\/2fbb7a4ecbd6d240db01b926ab1aeda5?s=96&d=mm&r=g\",\"caption\":\"a.khoury@addlab.it\"},\"sameAs\":[\"http:\/\/localhost\/wp-template\/wp\"],\"url\":\"https:\/\/oncos.com\/es\/author\/a-khouryaddlab-it\/\"}]}<\/script>\n<!-- \/ Yoast SEO plugin. -->","yoast_head_json":{"title":"Efectos secundarios a largo plazo de la radioterapia - Oncos","description":"Efectos secundarios de la radioterapia a largo plazo. Inf\u00f3rmese con Oncos sobre los efectos de las terapias a largo plazo y c\u00f3mo cuidarlos.","robots":{"index":"index","follow":"follow","max-snippet":"max-snippet:-1","max-image-preview":"max-image-preview:large","max-video-preview":"max-video-preview:-1"},"canonical":"https:\/\/oncos.com\/es\/efectos-secundarios-de-la-radioterapia-a-largo-plazo\/","og_locale":"es_ES","og_type":"article","og_title":"Efectos secundarios a largo plazo de la radioterapia - Oncos","og_description":"Efectos secundarios de la radioterapia a largo plazo. Inf\u00f3rmese con Oncos sobre los efectos de las terapias a largo plazo y c\u00f3mo cuidarlos.","og_url":"https:\/\/oncos.com\/es\/efectos-secundarios-de-la-radioterapia-a-largo-plazo\/","og_site_name":"Oncos","article_publisher":"https:\/\/www.facebook.com\/oncoscosmetica","article_published_time":"2023-09-13T07:54:29+00:00","article_modified_time":"2024-03-19T14:27:00+00:00","og_image":[{"width":1500,"height":1000,"url":"https:\/\/oncos.com\/site\/uploads\/2023\/09\/Radioterapia-effetti-collaterali-a-lungo-termine-3.jpg","type":"image\/jpeg"}],"author":"a.khoury@addlab.it","twitter_card":"summary_large_image","twitter_misc":{"Written by":"a.khoury@addlab.it","Est. reading time":"3 minutes"},"schema":{"@context":"https:\/\/schema.org","@graph":[{"@type":"Article","@id":"https:\/\/oncos.com\/es\/efectos-secundarios-de-la-radioterapia-a-largo-plazo\/#article","isPartOf":{"@id":"https:\/\/oncos.com\/es\/efectos-secundarios-de-la-radioterapia-a-largo-plazo\/"},"author":{"name":"a.khoury@addlab.it","@id":"https:\/\/www.oncos.com\/es\/#\/schema\/person\/d9649ac4ee541335a132a4d800771d28"},"headline":"Efectos secundarios de la radioterapia a largo plazo","datePublished":"2023-09-13T07:54:29+00:00","dateModified":"2024-03-19T14:27:00+00:00","mainEntityOfPage":{"@id":"https:\/\/oncos.com\/es\/efectos-secundarios-de-la-radioterapia-a-largo-plazo\/"},"wordCount":503,"commentCount":0,"publisher":{"@id":"https:\/\/www.oncos.com\/es\/#organization"},"keywords":["Terapias","Ver todos"],"inLanguage":"es-ES","potentialAction":[{"@type":"CommentAction","name":"Comment","target":["https:\/\/oncos.com\/es\/efectos-secundarios-de-la-radioterapia-a-largo-plazo\/#respond"]}]},{"@type":"WebPage","@id":"https:\/\/oncos.com\/es\/efectos-secundarios-de-la-radioterapia-a-largo-plazo\/","url":"https:\/\/oncos.com\/es\/efectos-secundarios-de-la-radioterapia-a-largo-plazo\/","name":"Efectos secundarios a largo plazo de la radioterapia - Oncos","isPartOf":{"@id":"https:\/\/www.oncos.com\/es\/#website"},"datePublished":"2023-09-13T07:54:29+00:00","dateModified":"2024-03-19T14:27:00+00:00","description":"Efectos secundarios de la radioterapia a largo plazo. Inf\u00f3rmese con Oncos sobre los efectos de las terapias a largo plazo y c\u00f3mo cuidarlos.","breadcrumb":{"@id":"https:\/\/oncos.com\/es\/efectos-secundarios-de-la-radioterapia-a-largo-plazo\/#breadcrumb"},"inLanguage":"es-ES","potentialAction":[{"@type":"ReadAction","target":["https:\/\/oncos.com\/es\/efectos-secundarios-de-la-radioterapia-a-largo-plazo\/"]}]},{"@type":"BreadcrumbList","@id":"https:\/\/oncos.com\/es\/efectos-secundarios-de-la-radioterapia-a-largo-plazo\/#breadcrumb","itemListElement":[{"@type":"ListItem","position":1,"name":"Home","item":"https:\/\/oncos.com\/es\/"},{"@type":"ListItem","position":2,"name":"Efectos secundarios de la radioterapia a largo plazo"}]},{"@type":"WebSite","@id":"https:\/\/www.oncos.com\/es\/#website","url":"https:\/\/www.oncos.com\/es\/","name":"Oncos","description":"","publisher":{"@id":"https:\/\/www.oncos.com\/es\/#organization"},"potentialAction":[{"@type":"SearchAction","target":{"@type":"EntryPoint","urlTemplate":"https:\/\/www.oncos.com\/es\/?s={search_term_string}"},"query-input":"required name=search_term_string"}],"inLanguage":"es-ES"},{"@type":"Organization","@id":"https:\/\/www.oncos.com\/es\/#organization","name":"Oncos","url":"https:\/\/www.oncos.com\/es\/","logo":{"@type":"ImageObject","inLanguage":"es-ES","@id":"https:\/\/www.oncos.com\/es\/#\/schema\/logo\/image\/","url":"https:\/\/oncos.com\/site\/uploads\/2023\/08\/logo.png","contentUrl":"https:\/\/oncos.com\/site\/uploads\/2023\/08\/logo.png","width":693,"height":200,"caption":"Oncos"},"image":{"@id":"https:\/\/www.oncos.com\/es\/#\/schema\/logo\/image\/"},"sameAs":["https:\/\/www.facebook.com\/oncoscosmetica","https:\/\/www.instagram.com\/oncos_cosmetici\/"]},{"@type":"Person","@id":"https:\/\/www.oncos.com\/es\/#\/schema\/person\/d9649ac4ee541335a132a4d800771d28","name":"a.khoury@addlab.it","image":{"@type":"ImageObject","inLanguage":"es-ES","@id":"https:\/\/www.oncos.com\/es\/#\/schema\/person\/image\/","url":"https:\/\/secure.gravatar.com\/avatar\/2fbb7a4ecbd6d240db01b926ab1aeda5?s=96&d=mm&r=g","contentUrl":"https:\/\/secure.gravatar.com\/avatar\/2fbb7a4ecbd6d240db01b926ab1aeda5?s=96&d=mm&r=g","caption":"a.khoury@addlab.it"},"sameAs":["http:\/\/localhost\/wp-template\/wp"],"url":"https:\/\/oncos.com\/es\/author\/a-khouryaddlab-it\/"}]}},"_links":{"self":[{"href":"https:\/\/oncos.com\/es\/wp-json\/wp\/v2\/posts\/9502"}],"collection":[{"href":"https:\/\/oncos.com\/es\/wp-json\/wp\/v2\/posts"}],"about":[{"href":"https:\/\/oncos.com\/es\/wp-json\/wp\/v2\/types\/post"}],"author":[{"embeddable":true,"href":"https:\/\/oncos.com\/es\/wp-json\/wp\/v2\/users\/1"}],"replies":[{"embeddable":true,"href":"https:\/\/oncos.com\/es\/wp-json\/wp\/v2\/comments?post=9502"}],"version-history":[{"count":2,"href":"https:\/\/oncos.com\/es\/wp-json\/wp\/v2\/posts\/9502\/revisions"}],"predecessor-version":[{"id":11083,"href":"https:\/\/oncos.com\/es\/wp-json\/wp\/v2\/posts\/9502\/revisions\/11083"}],"wp:featuredmedia":[{"embeddable":true,"href":"https:\/\/oncos.com\/es\/wp-json\/wp\/v2\/media\/9503"}],"wp:attachment":[{"href":"https:\/\/oncos.com\/es\/wp-json\/wp\/v2\/media?parent=9502"}],"wp:term":[{"taxonomy":"post_tag","embeddable":true,"href":"https:\/\/oncos.com\/es\/wp-json\/wp\/v2\/tags?post=9502"}],"curies":[{"name":"wp","href":"https:\/\/api.w.org\/{rel}","templated":true}]}}