{"id":9640,"date":"2023-09-12T14:34:59","date_gmt":"2023-09-12T14:34:59","guid":{"rendered":"https:\/\/oncos.com\/crema-facial-durante-la-quimioterapia\/"},"modified":"2024-03-19T14:40:48","modified_gmt":"2024-03-19T14:40:48","slug":"crema-facial-durante-la-quimioterapia","status":"publish","type":"post","link":"https:\/\/oncos.com\/es\/crema-facial-durante-la-quimioterapia\/","title":{"rendered":"Crema facial durante la quimioterapia"},"content":{"rendered":"<p>Crema facial durante la quimioterapia: \u00bfcu\u00e1l elegir?<br \/>\nPero vayamos por partes, entendamos qu\u00e9 es la <strong>quimioterapia<\/strong> y qu\u00e9 tipo de influencia puede tener sobre la piel. La quimioterapia, como bien sabemos, consiste en la administraci\u00f3n de una o varias sustancias capaces de atacar y frenar a las c\u00e9lulas que m\u00e1s r\u00e1pido se multiplican. Concretamente las c\u00e9lulas cancerosas, durante el proceso de replicaci\u00f3n. As\u00ed, el objetivo de la quimioterapia es eliminarlas.<\/p>\n<p>El <strong>cuidado de la piel<\/strong> es muy importante durante el tratamiento, as\u00ed como antes y despu\u00e9s, por lo que es bueno adquirir el buen h\u00e1bito de aplicar siempre crema en la cara, as\u00ed como en el resto del cuerpo.<\/p>\n<h2>\u00bfPor qu\u00e9 es importante aplicarse una crema facial durante la quimioterapia?<\/h2>\n<p>Aplicarse una crema facial durante la terapia contra el c\u00e1ncer es importante porque los efectos secundarios pueden ser muchos y a veces invasivos. Las alteraciones cut\u00e1neas cambian la estructura natural de la piel y pueden manifestarse como: manchas, picor, enrojecimiento, descamaci\u00f3n, etc.<\/p>\n<p>Siempre recomendamos seguir un tratamiento cosm\u00e9tico durante la quimioterapia. Una buena rutina de cuidado de la piel puede ayudar a contener y prevenir los efectos no deseados en la piel causados por los tratamientos contra el c\u00e1ncer.<\/p>\n<h2>Crema facial durante el tratamiento y m\u00e1s&#8230;<\/h2>\n<p>Es muy importante tener una rutina de belleza durante la quimioterapia. Hay que seguir unos pasos sencillos: limpiar, calmar y proteger.<\/p>\n<p>Durante la quimioterapia, el rostro debe limpiarse bien con productos suaves. Inmediatamente despu\u00e9s, aplique siempre una crema facial para calmar y proteger. Es muy importante mantener la piel hidratada para evitar la <a href=\"\/es\/quimioterapia-y-piel-seca-remedios-y-consejos\/\">descamaci\u00f3n<\/a> y el enrojecimiento. La crema facial durante la quimioterapia debe tener una acci\u00f3n emoliente y elegirse con cuidado. El objetivo de aplicar crema en la cara es intentar reducir la irritaci\u00f3n y la deshidrataci\u00f3n.<\/p>\n<h2>Crema facial Oncos<\/h2>\n<p>Como crema facial para aplicar durante la quimioterapia recomendamos nuestra <a href=\"https:\/\/oncos.com\/es\/productos\/crema-facial-hidratante\/\">crema facial<\/a>: dise\u00f1ada para hidratar, proteger, calmar y mejorar el estado general de la piel del rostro.<\/p>\n<p>Est\u00e1 indicada para su aplicaci\u00f3n diaria. Contiene manteca de karit\u00e9 y aceite de jojoba, ambos con propiedades nutritivas, emolientes y protectoras. El activo natural derivado de la pimienta de Sichuan, por su parte, combate la sensaci\u00f3n de picor y es un potente agente suavizante y calmante. La crema facial Oncos est\u00e1 enriquecida con un factor hidratante que garantiza el respeto del manto hidrolip\u00eddico natural de la piel (NMF) y con extracto de higo chumbo que asegura una hidrataci\u00f3n intensa a lo largo del tiempo.<\/p>\n","protected":false},"excerpt":{"rendered":"<p>Crema facial durante la quimioterapia: \u00bfcu\u00e1l elegir? Vayamos paso a paso, entendamos qu\u00e9 es la quimioterapia y qu\u00e9 tipo de influencia puede tener.<\/p>\n","protected":false},"author":1,"featured_media":9641,"comment_status":"open","ping_status":"open","sticky":false,"template":"","format":"standard","meta":{"footnotes":""},"tags":[99,100],"acf":[],"yoast_head":"<!-- This site is optimized with the Yoast SEO plugin v21.3 - https:\/\/yoast.com\/wordpress\/plugins\/seo\/ -->\n<title>Crema facial durante la quimioterapia: cu\u00e1l elegir - Oncos<\/title>\n<meta name=\"description\" content=\"Crema facial durante la quimioterapia: la piel durante el tratamiento est\u00e1 sometida a un gran estr\u00e9s, por lo que es importante elegir la crema Oncos adecuada.\" \/>\n<meta name=\"robots\" content=\"index, follow, max-snippet:-1, max-image-preview:large, max-video-preview:-1\" \/>\n<link rel=\"canonical\" href=\"https:\/\/oncos.com\/es\/crema-facial-durante-la-quimioterapia\/\" \/>\n<meta property=\"og:locale\" content=\"es_ES\" \/>\n<meta property=\"og:type\" content=\"article\" \/>\n<meta property=\"og:title\" content=\"Crema facial durante la quimioterapia: cu\u00e1l elegir - Oncos\" \/>\n<meta property=\"og:description\" content=\"Crema facial durante la quimioterapia: la piel durante el tratamiento est\u00e1 sometida a un gran estr\u00e9s, por lo que es importante elegir la crema Oncos adecuada.\" \/>\n<meta property=\"og:url\" content=\"https:\/\/oncos.com\/es\/crema-facial-durante-la-quimioterapia\/\" \/>\n<meta property=\"og:site_name\" content=\"Oncos\" \/>\n<meta property=\"article:publisher\" content=\"https:\/\/www.facebook.com\/oncoscosmetica\" \/>\n<meta property=\"article:published_time\" content=\"2023-09-12T14:34:59+00:00\" \/>\n<meta property=\"article:modified_time\" content=\"2024-03-19T14:40:48+00:00\" \/>\n<meta property=\"og:image\" content=\"https:\/\/oncos.com\/site\/uploads\/2023\/09\/Crema-per-viso-durante-la-chemioterapia-copia.jpg\" \/>\n\t<meta property=\"og:image:width\" content=\"1500\" \/>\n\t<meta property=\"og:image:height\" content=\"1000\" \/>\n\t<meta property=\"og:image:type\" content=\"image\/jpeg\" \/>\n<meta name=\"author\" content=\"a.khoury@addlab.it\" \/>\n<meta name=\"twitter:card\" content=\"summary_large_image\" \/>\n<meta name=\"twitter:label1\" content=\"Written by\" \/>\n\t<meta name=\"twitter:data1\" content=\"a.khoury@addlab.it\" \/>\n\t<meta name=\"twitter:label2\" content=\"Est. reading time\" \/>\n\t<meta name=\"twitter:data2\" content=\"2 minutes\" \/>\n<script type=\"application\/ld+json\" class=\"yoast-schema-graph\">{\"@context\":\"https:\/\/schema.org\",\"@graph\":[{\"@type\":\"Article\",\"@id\":\"https:\/\/oncos.com\/es\/crema-facial-durante-la-quimioterapia\/#article\",\"isPartOf\":{\"@id\":\"https:\/\/oncos.com\/es\/crema-facial-durante-la-quimioterapia\/\"},\"author\":{\"name\":\"a.khoury@addlab.it\",\"@id\":\"https:\/\/www.oncos.com\/es\/#\/schema\/person\/d9649ac4ee541335a132a4d800771d28\"},\"headline\":\"Crema facial durante la quimioterapia\",\"datePublished\":\"2023-09-12T14:34:59+00:00\",\"dateModified\":\"2024-03-19T14:40:48+00:00\",\"mainEntityOfPage\":{\"@id\":\"https:\/\/oncos.com\/es\/crema-facial-durante-la-quimioterapia\/\"},\"wordCount\":438,\"commentCount\":0,\"publisher\":{\"@id\":\"https:\/\/www.oncos.com\/es\/#organization\"},\"keywords\":[\"Mundo oncos\",\"Ver todos\"],\"inLanguage\":\"es-ES\",\"potentialAction\":[{\"@type\":\"CommentAction\",\"name\":\"Comment\",\"target\":[\"https:\/\/oncos.com\/es\/crema-facial-durante-la-quimioterapia\/#respond\"]}]},{\"@type\":\"WebPage\",\"@id\":\"https:\/\/oncos.com\/es\/crema-facial-durante-la-quimioterapia\/\",\"url\":\"https:\/\/oncos.com\/es\/crema-facial-durante-la-quimioterapia\/\",\"name\":\"Crema facial durante la quimioterapia: cu\u00e1l elegir - Oncos\",\"isPartOf\":{\"@id\":\"https:\/\/www.oncos.com\/es\/#website\"},\"datePublished\":\"2023-09-12T14:34:59+00:00\",\"dateModified\":\"2024-03-19T14:40:48+00:00\",\"description\":\"Crema facial durante la quimioterapia: la piel durante el tratamiento est\u00e1 sometida a un gran estr\u00e9s, por lo que es importante elegir la crema Oncos adecuada.\",\"breadcrumb\":{\"@id\":\"https:\/\/oncos.com\/es\/crema-facial-durante-la-quimioterapia\/#breadcrumb\"},\"inLanguage\":\"es-ES\",\"potentialAction\":[{\"@type\":\"ReadAction\",\"target\":[\"https:\/\/oncos.com\/es\/crema-facial-durante-la-quimioterapia\/\"]}]},{\"@type\":\"BreadcrumbList\",\"@id\":\"https:\/\/oncos.com\/es\/crema-facial-durante-la-quimioterapia\/#breadcrumb\",\"itemListElement\":[{\"@type\":\"ListItem\",\"position\":1,\"name\":\"Home\",\"item\":\"https:\/\/oncos.com\/es\/\"},{\"@type\":\"ListItem\",\"position\":2,\"name\":\"Crema facial durante la quimioterapia\"}]},{\"@type\":\"WebSite\",\"@id\":\"https:\/\/www.oncos.com\/es\/#website\",\"url\":\"https:\/\/www.oncos.com\/es\/\",\"name\":\"Oncos\",\"description\":\"\",\"publisher\":{\"@id\":\"https:\/\/www.oncos.com\/es\/#organization\"},\"potentialAction\":[{\"@type\":\"SearchAction\",\"target\":{\"@type\":\"EntryPoint\",\"urlTemplate\":\"https:\/\/www.oncos.com\/es\/?s={search_term_string}\"},\"query-input\":\"required name=search_term_string\"}],\"inLanguage\":\"es-ES\"},{\"@type\":\"Organization\",\"@id\":\"https:\/\/www.oncos.com\/es\/#organization\",\"name\":\"Oncos\",\"url\":\"https:\/\/www.oncos.com\/es\/\",\"logo\":{\"@type\":\"ImageObject\",\"inLanguage\":\"es-ES\",\"@id\":\"https:\/\/www.oncos.com\/es\/#\/schema\/logo\/image\/\",\"url\":\"https:\/\/oncos.com\/site\/uploads\/2023\/08\/logo.png\",\"contentUrl\":\"https:\/\/oncos.com\/site\/uploads\/2023\/08\/logo.png\",\"width\":693,\"height\":200,\"caption\":\"Oncos\"},\"image\":{\"@id\":\"https:\/\/www.oncos.com\/es\/#\/schema\/logo\/image\/\"},\"sameAs\":[\"https:\/\/www.facebook.com\/oncoscosmetica\",\"https:\/\/www.instagram.com\/oncos_cosmetici\/\"]},{\"@type\":\"Person\",\"@id\":\"https:\/\/www.oncos.com\/es\/#\/schema\/person\/d9649ac4ee541335a132a4d800771d28\",\"name\":\"a.khoury@addlab.it\",\"image\":{\"@type\":\"ImageObject\",\"inLanguage\":\"es-ES\",\"@id\":\"https:\/\/www.oncos.com\/es\/#\/schema\/person\/image\/\",\"url\":\"https:\/\/secure.gravatar.com\/avatar\/2fbb7a4ecbd6d240db01b926ab1aeda5?s=96&d=mm&r=g\",\"contentUrl\":\"https:\/\/secure.gravatar.com\/avatar\/2fbb7a4ecbd6d240db01b926ab1aeda5?s=96&d=mm&r=g\",\"caption\":\"a.khoury@addlab.it\"},\"sameAs\":[\"http:\/\/localhost\/wp-template\/wp\"],\"url\":\"https:\/\/oncos.com\/es\/author\/a-khouryaddlab-it\/\"}]}<\/script>\n<!-- \/ Yoast SEO plugin. -->","yoast_head_json":{"title":"Crema facial durante la quimioterapia: cu\u00e1l elegir - Oncos","description":"Crema facial durante la quimioterapia: la piel durante el tratamiento est\u00e1 sometida a un gran estr\u00e9s, por lo que es importante elegir la crema Oncos adecuada.","robots":{"index":"index","follow":"follow","max-snippet":"max-snippet:-1","max-image-preview":"max-image-preview:large","max-video-preview":"max-video-preview:-1"},"canonical":"https:\/\/oncos.com\/es\/crema-facial-durante-la-quimioterapia\/","og_locale":"es_ES","og_type":"article","og_title":"Crema facial durante la quimioterapia: cu\u00e1l elegir - Oncos","og_description":"Crema facial durante la quimioterapia: la piel durante el tratamiento est\u00e1 sometida a un gran estr\u00e9s, por lo que es importante elegir la crema Oncos adecuada.","og_url":"https:\/\/oncos.com\/es\/crema-facial-durante-la-quimioterapia\/","og_site_name":"Oncos","article_publisher":"https:\/\/www.facebook.com\/oncoscosmetica","article_published_time":"2023-09-12T14:34:59+00:00","article_modified_time":"2024-03-19T14:40:48+00:00","og_image":[{"width":1500,"height":1000,"url":"https:\/\/oncos.com\/site\/uploads\/2023\/09\/Crema-per-viso-durante-la-chemioterapia-copia.jpg","type":"image\/jpeg"}],"author":"a.khoury@addlab.it","twitter_card":"summary_large_image","twitter_misc":{"Written by":"a.khoury@addlab.it","Est. reading time":"2 minutes"},"schema":{"@context":"https:\/\/schema.org","@graph":[{"@type":"Article","@id":"https:\/\/oncos.com\/es\/crema-facial-durante-la-quimioterapia\/#article","isPartOf":{"@id":"https:\/\/oncos.com\/es\/crema-facial-durante-la-quimioterapia\/"},"author":{"name":"a.khoury@addlab.it","@id":"https:\/\/www.oncos.com\/es\/#\/schema\/person\/d9649ac4ee541335a132a4d800771d28"},"headline":"Crema facial durante la quimioterapia","datePublished":"2023-09-12T14:34:59+00:00","dateModified":"2024-03-19T14:40:48+00:00","mainEntityOfPage":{"@id":"https:\/\/oncos.com\/es\/crema-facial-durante-la-quimioterapia\/"},"wordCount":438,"commentCount":0,"publisher":{"@id":"https:\/\/www.oncos.com\/es\/#organization"},"keywords":["Mundo oncos","Ver todos"],"inLanguage":"es-ES","potentialAction":[{"@type":"CommentAction","name":"Comment","target":["https:\/\/oncos.com\/es\/crema-facial-durante-la-quimioterapia\/#respond"]}]},{"@type":"WebPage","@id":"https:\/\/oncos.com\/es\/crema-facial-durante-la-quimioterapia\/","url":"https:\/\/oncos.com\/es\/crema-facial-durante-la-quimioterapia\/","name":"Crema facial durante la quimioterapia: cu\u00e1l elegir - Oncos","isPartOf":{"@id":"https:\/\/www.oncos.com\/es\/#website"},"datePublished":"2023-09-12T14:34:59+00:00","dateModified":"2024-03-19T14:40:48+00:00","description":"Crema facial durante la quimioterapia: la piel durante el tratamiento est\u00e1 sometida a un gran estr\u00e9s, por lo que es importante elegir la crema Oncos adecuada.","breadcrumb":{"@id":"https:\/\/oncos.com\/es\/crema-facial-durante-la-quimioterapia\/#breadcrumb"},"inLanguage":"es-ES","potentialAction":[{"@type":"ReadAction","target":["https:\/\/oncos.com\/es\/crema-facial-durante-la-quimioterapia\/"]}]},{"@type":"BreadcrumbList","@id":"https:\/\/oncos.com\/es\/crema-facial-durante-la-quimioterapia\/#breadcrumb","itemListElement":[{"@type":"ListItem","position":1,"name":"Home","item":"https:\/\/oncos.com\/es\/"},{"@type":"ListItem","position":2,"name":"Crema facial durante la quimioterapia"}]},{"@type":"WebSite","@id":"https:\/\/www.oncos.com\/es\/#website","url":"https:\/\/www.oncos.com\/es\/","name":"Oncos","description":"","publisher":{"@id":"https:\/\/www.oncos.com\/es\/#organization"},"potentialAction":[{"@type":"SearchAction","target":{"@type":"EntryPoint","urlTemplate":"https:\/\/www.oncos.com\/es\/?s={search_term_string}"},"query-input":"required name=search_term_string"}],"inLanguage":"es-ES"},{"@type":"Organization","@id":"https:\/\/www.oncos.com\/es\/#organization","name":"Oncos","url":"https:\/\/www.oncos.com\/es\/","logo":{"@type":"ImageObject","inLanguage":"es-ES","@id":"https:\/\/www.oncos.com\/es\/#\/schema\/logo\/image\/","url":"https:\/\/oncos.com\/site\/uploads\/2023\/08\/logo.png","contentUrl":"https:\/\/oncos.com\/site\/uploads\/2023\/08\/logo.png","width":693,"height":200,"caption":"Oncos"},"image":{"@id":"https:\/\/www.oncos.com\/es\/#\/schema\/logo\/image\/"},"sameAs":["https:\/\/www.facebook.com\/oncoscosmetica","https:\/\/www.instagram.com\/oncos_cosmetici\/"]},{"@type":"Person","@id":"https:\/\/www.oncos.com\/es\/#\/schema\/person\/d9649ac4ee541335a132a4d800771d28","name":"a.khoury@addlab.it","image":{"@type":"ImageObject","inLanguage":"es-ES","@id":"https:\/\/www.oncos.com\/es\/#\/schema\/person\/image\/","url":"https:\/\/secure.gravatar.com\/avatar\/2fbb7a4ecbd6d240db01b926ab1aeda5?s=96&d=mm&r=g","contentUrl":"https:\/\/secure.gravatar.com\/avatar\/2fbb7a4ecbd6d240db01b926ab1aeda5?s=96&d=mm&r=g","caption":"a.khoury@addlab.it"},"sameAs":["http:\/\/localhost\/wp-template\/wp"],"url":"https:\/\/oncos.com\/es\/author\/a-khouryaddlab-it\/"}]}},"_links":{"self":[{"href":"https:\/\/oncos.com\/es\/wp-json\/wp\/v2\/posts\/9640"}],"collection":[{"href":"https:\/\/oncos.com\/es\/wp-json\/wp\/v2\/posts"}],"about":[{"href":"https:\/\/oncos.com\/es\/wp-json\/wp\/v2\/types\/post"}],"author":[{"embeddable":true,"href":"https:\/\/oncos.com\/es\/wp-json\/wp\/v2\/users\/1"}],"replies":[{"embeddable":true,"href":"https:\/\/oncos.com\/es\/wp-json\/wp\/v2\/comments?post=9640"}],"version-history":[{"count":2,"href":"https:\/\/oncos.com\/es\/wp-json\/wp\/v2\/posts\/9640\/revisions"}],"predecessor-version":[{"id":11102,"href":"https:\/\/oncos.com\/es\/wp-json\/wp\/v2\/posts\/9640\/revisions\/11102"}],"wp:featuredmedia":[{"embeddable":true,"href":"https:\/\/oncos.com\/es\/wp-json\/wp\/v2\/media\/9641"}],"wp:attachment":[{"href":"https:\/\/oncos.com\/es\/wp-json\/wp\/v2\/media?parent=9640"}],"wp:term":[{"taxonomy":"post_tag","embeddable":true,"href":"https:\/\/oncos.com\/es\/wp-json\/wp\/v2\/tags?post=9640"}],"curies":[{"name":"wp","href":"https:\/\/api.w.org\/{rel}","templated":true}]}}