{"id":9656,"date":"2023-09-13T14:50:57","date_gmt":"2023-09-13T14:50:57","guid":{"rendered":"https:\/\/oncos.com\/quimio-y-sol-tambien-en-otono-se-puede-tomar-el-sol-despues-y-durante-las-terapias-contra-el-cancer\/"},"modified":"2024-03-19T14:39:18","modified_gmt":"2024-03-19T14:39:18","slug":"quimio-y-sol-tambien-en-otono-se-puede-tomar-el-sol-despues-y-durante-las-terapias-contra-el-cancer","status":"publish","type":"post","link":"https:\/\/oncos.com\/es\/quimio-y-sol-tambien-en-otono-se-puede-tomar-el-sol-despues-y-durante-las-terapias-contra-el-cancer\/","title":{"rendered":"Quimio y sol tambi\u00e9n en oto\u00f1o: \u00bfse puede tomar el sol despu\u00e9s y durante las terapias contra el c\u00e1ncer?"},"content":{"rendered":"<p>La<strong> quimioterapia y el sol<\/strong>, una de las preguntas m\u00e1s frecuentes cuando se inicia un tratamiento contra el c\u00e1ncer. \u00bfSe puede tomar el sol durante y despu\u00e9s del tratamiento?<\/p>\n<p>Los rayos del sol pueden ser un pro pero tambi\u00e9n un contra para un paciente de c\u00e1ncer. La vitamina D (tambi\u00e9n conocida como la vitamina del sol) es muy importante, y tomar el sol ayuda a mantener un estado de \u00e1nimo elevado, pero esto no es suficiente para un paciente que acaba de iniciar un tratamiento contra el c\u00e1ncer. Lo m\u00e1s importante es encontrar el equilibrio adecuado entre la quimioterapia y el sol.<\/p>\n<h2>\u00bfQu\u00e9 ocurre cuando se toma el sol durante la quimioterapia?<\/h2>\n<p>Una de las cosas que se encuentran y a las que hay que prestar atenci\u00f3n cuando se toma el sol durante la quimioterapia es la <strong>fotosensibilizaci\u00f3n<\/strong>, que es una reacci\u00f3n desfavorable de la piel tras una exposici\u00f3n inadecuada a los rayos solares. Puede manifestarse en forma de <strong>enrojecimiento y picor<\/strong>, pero tambi\u00e9n en forma de <strong>manchas cut\u00e1neas<\/strong>. Puede aparecer tanto en las horas siguientes a la exposici\u00f3n al sol como en los d\u00edas posteriores.<\/p>\n<p>As\u00ed pues, a la pregunta &#8220;\u00bfse puede tomar el sol durante y despu\u00e9s de la quimioterapia? La respuesta es s\u00ed, \u00a1pero hay que tener cierta precauci\u00f3n!<\/p>\n<h2>Quimioterapia y sol, \u00bfc\u00f3mo tomar el sol durante y despu\u00e9s de la quimioterapia?<\/h2>\n<p>Consulte siempre a su m\u00e9dico o farmac\u00e9utico antes de exponerse al sol y siga algunos consejos pr\u00e1cticos. Lo m\u00e1s importante es evitar las horas de m\u00e1s calor, desde las 11 de la ma\u00f1ana hasta las 5 de la tarde aproximadamente. Recuerda utilizar herramientas que puedan proteger tu piel y obtener ciertos beneficios del sol (como la vitamina D).<\/p>\n<p>Otra cosa muy importante a tener en cuenta a la hora de tomar el sol durante el tratamiento oncol\u00f3gico es mantener siempre cubiertas las zonas espec\u00edficas sometidas a quimioterapia. \u00bfC\u00f3mo? Utilizando ropa de algod\u00f3n o lino de color claro.<\/p>\n<p>Por \u00faltimo, no olvides utilizar una crema hidratante inmediatamente despu\u00e9s de la exposici\u00f3n al sol para que tu piel no se reseque m\u00e1s de lo debido. Te recomendamos nuestro <a href=\"https:\/\/oncos.com\/es\/productos\/aceite-seco-protector\/\">aceite seco protector<\/a>.<\/p>\n","protected":false},"excerpt":{"rendered":"<p>La quimio y el sol, una de las preguntas m\u00e1s frecuentes cuando se inicia un tratamiento contra el c\u00e1ncer \u00bfSe puede uno exponer al sol durante el tratamiento?<\/p>\n","protected":false},"author":1,"featured_media":9657,"comment_status":"open","ping_status":"open","sticky":false,"template":"","format":"standard","meta":{"footnotes":""},"tags":[103,100],"acf":[],"yoast_head":"<!-- This site is optimized with the Yoast SEO plugin v21.3 - https:\/\/yoast.com\/wordpress\/plugins\/seo\/ -->\n<title>Quimio y sol: \u00bfse puede tomar el sol durante el tratamiento? - Oncos<\/title>\n<meta name=\"description\" content=\"Quimio y sol, \u00bfse puede tomar el sol despu\u00e9s y durante el tratamiento oncol\u00f3gico? Aqu\u00ed tienes los consejos de nuestros expertos de Oncos sobre quimio y sol.\" \/>\n<meta name=\"robots\" content=\"index, follow, max-snippet:-1, max-image-preview:large, max-video-preview:-1\" \/>\n<link rel=\"canonical\" href=\"https:\/\/oncos.com\/es\/quimio-y-sol-tambien-en-otono-se-puede-tomar-el-sol-despues-y-durante-las-terapias-contra-el-cancer\/\" \/>\n<meta property=\"og:locale\" content=\"es_ES\" \/>\n<meta property=\"og:type\" content=\"article\" \/>\n<meta property=\"og:title\" content=\"Quimio y sol: \u00bfse puede tomar el sol durante el tratamiento? - Oncos\" \/>\n<meta property=\"og:description\" content=\"Quimio y sol, \u00bfse puede tomar el sol despu\u00e9s y durante el tratamiento oncol\u00f3gico? Aqu\u00ed tienes los consejos de nuestros expertos de Oncos sobre quimio y sol.\" \/>\n<meta property=\"og:url\" content=\"https:\/\/oncos.com\/es\/quimio-y-sol-tambien-en-otono-se-puede-tomar-el-sol-despues-y-durante-las-terapias-contra-el-cancer\/\" \/>\n<meta property=\"og:site_name\" content=\"Oncos\" \/>\n<meta property=\"article:publisher\" content=\"https:\/\/www.facebook.com\/oncoscosmetica\" \/>\n<meta property=\"article:published_time\" content=\"2023-09-13T14:50:57+00:00\" \/>\n<meta property=\"article:modified_time\" content=\"2024-03-19T14:39:18+00:00\" \/>\n<meta property=\"og:image\" content=\"https:\/\/oncos.com\/site\/uploads\/2023\/09\/Chemio-e-sole.jpg\" \/>\n\t<meta property=\"og:image:width\" content=\"1500\" \/>\n\t<meta property=\"og:image:height\" content=\"1000\" \/>\n\t<meta property=\"og:image:type\" content=\"image\/jpeg\" \/>\n<meta name=\"author\" content=\"a.khoury@addlab.it\" \/>\n<meta name=\"twitter:card\" content=\"summary_large_image\" \/>\n<meta name=\"twitter:label1\" content=\"Written by\" \/>\n\t<meta name=\"twitter:data1\" content=\"a.khoury@addlab.it\" \/>\n\t<meta name=\"twitter:label2\" content=\"Est. reading time\" \/>\n\t<meta name=\"twitter:data2\" content=\"2 minutes\" \/>\n<script type=\"application\/ld+json\" class=\"yoast-schema-graph\">{\"@context\":\"https:\/\/schema.org\",\"@graph\":[{\"@type\":\"Article\",\"@id\":\"https:\/\/oncos.com\/es\/quimio-y-sol-tambien-en-otono-se-puede-tomar-el-sol-despues-y-durante-las-terapias-contra-el-cancer\/#article\",\"isPartOf\":{\"@id\":\"https:\/\/oncos.com\/es\/quimio-y-sol-tambien-en-otono-se-puede-tomar-el-sol-despues-y-durante-las-terapias-contra-el-cancer\/\"},\"author\":{\"name\":\"a.khoury@addlab.it\",\"@id\":\"https:\/\/www.oncos.com\/es\/#\/schema\/person\/d9649ac4ee541335a132a4d800771d28\"},\"headline\":\"Quimio y sol tambi\u00e9n en oto\u00f1o: \u00bfse puede tomar el sol despu\u00e9s y durante las terapias contra el c\u00e1ncer?\",\"datePublished\":\"2023-09-13T14:50:57+00:00\",\"dateModified\":\"2024-03-19T14:39:18+00:00\",\"mainEntityOfPage\":{\"@id\":\"https:\/\/oncos.com\/es\/quimio-y-sol-tambien-en-otono-se-puede-tomar-el-sol-despues-y-durante-las-terapias-contra-el-cancer\/\"},\"wordCount\":408,\"commentCount\":0,\"publisher\":{\"@id\":\"https:\/\/www.oncos.com\/es\/#organization\"},\"keywords\":[\"Consejos y remedios\",\"Ver todos\"],\"inLanguage\":\"es-ES\",\"potentialAction\":[{\"@type\":\"CommentAction\",\"name\":\"Comment\",\"target\":[\"https:\/\/oncos.com\/es\/quimio-y-sol-tambien-en-otono-se-puede-tomar-el-sol-despues-y-durante-las-terapias-contra-el-cancer\/#respond\"]}]},{\"@type\":\"WebPage\",\"@id\":\"https:\/\/oncos.com\/es\/quimio-y-sol-tambien-en-otono-se-puede-tomar-el-sol-despues-y-durante-las-terapias-contra-el-cancer\/\",\"url\":\"https:\/\/oncos.com\/es\/quimio-y-sol-tambien-en-otono-se-puede-tomar-el-sol-despues-y-durante-las-terapias-contra-el-cancer\/\",\"name\":\"Quimio y sol: \u00bfse puede tomar el sol durante el tratamiento? - Oncos\",\"isPartOf\":{\"@id\":\"https:\/\/www.oncos.com\/es\/#website\"},\"datePublished\":\"2023-09-13T14:50:57+00:00\",\"dateModified\":\"2024-03-19T14:39:18+00:00\",\"description\":\"Quimio y sol, \u00bfse puede tomar el sol despu\u00e9s y durante el tratamiento oncol\u00f3gico? Aqu\u00ed tienes los consejos de nuestros expertos de Oncos sobre quimio y sol.\",\"breadcrumb\":{\"@id\":\"https:\/\/oncos.com\/es\/quimio-y-sol-tambien-en-otono-se-puede-tomar-el-sol-despues-y-durante-las-terapias-contra-el-cancer\/#breadcrumb\"},\"inLanguage\":\"es-ES\",\"potentialAction\":[{\"@type\":\"ReadAction\",\"target\":[\"https:\/\/oncos.com\/es\/quimio-y-sol-tambien-en-otono-se-puede-tomar-el-sol-despues-y-durante-las-terapias-contra-el-cancer\/\"]}]},{\"@type\":\"BreadcrumbList\",\"@id\":\"https:\/\/oncos.com\/es\/quimio-y-sol-tambien-en-otono-se-puede-tomar-el-sol-despues-y-durante-las-terapias-contra-el-cancer\/#breadcrumb\",\"itemListElement\":[{\"@type\":\"ListItem\",\"position\":1,\"name\":\"Home\",\"item\":\"https:\/\/oncos.com\/es\/\"},{\"@type\":\"ListItem\",\"position\":2,\"name\":\"Quimio y sol tambi\u00e9n en oto\u00f1o: \u00bfse puede tomar el sol despu\u00e9s y durante las terapias contra el c\u00e1ncer?\"}]},{\"@type\":\"WebSite\",\"@id\":\"https:\/\/www.oncos.com\/es\/#website\",\"url\":\"https:\/\/www.oncos.com\/es\/\",\"name\":\"Oncos\",\"description\":\"\",\"publisher\":{\"@id\":\"https:\/\/www.oncos.com\/es\/#organization\"},\"potentialAction\":[{\"@type\":\"SearchAction\",\"target\":{\"@type\":\"EntryPoint\",\"urlTemplate\":\"https:\/\/www.oncos.com\/es\/?s={search_term_string}\"},\"query-input\":\"required name=search_term_string\"}],\"inLanguage\":\"es-ES\"},{\"@type\":\"Organization\",\"@id\":\"https:\/\/www.oncos.com\/es\/#organization\",\"name\":\"Oncos\",\"url\":\"https:\/\/www.oncos.com\/es\/\",\"logo\":{\"@type\":\"ImageObject\",\"inLanguage\":\"es-ES\",\"@id\":\"https:\/\/www.oncos.com\/es\/#\/schema\/logo\/image\/\",\"url\":\"https:\/\/oncos.com\/site\/uploads\/2023\/08\/logo.png\",\"contentUrl\":\"https:\/\/oncos.com\/site\/uploads\/2023\/08\/logo.png\",\"width\":693,\"height\":200,\"caption\":\"Oncos\"},\"image\":{\"@id\":\"https:\/\/www.oncos.com\/es\/#\/schema\/logo\/image\/\"},\"sameAs\":[\"https:\/\/www.facebook.com\/oncoscosmetica\",\"https:\/\/www.instagram.com\/oncos_cosmetici\/\"]},{\"@type\":\"Person\",\"@id\":\"https:\/\/www.oncos.com\/es\/#\/schema\/person\/d9649ac4ee541335a132a4d800771d28\",\"name\":\"a.khoury@addlab.it\",\"image\":{\"@type\":\"ImageObject\",\"inLanguage\":\"es-ES\",\"@id\":\"https:\/\/www.oncos.com\/es\/#\/schema\/person\/image\/\",\"url\":\"https:\/\/secure.gravatar.com\/avatar\/2fbb7a4ecbd6d240db01b926ab1aeda5?s=96&d=mm&r=g\",\"contentUrl\":\"https:\/\/secure.gravatar.com\/avatar\/2fbb7a4ecbd6d240db01b926ab1aeda5?s=96&d=mm&r=g\",\"caption\":\"a.khoury@addlab.it\"},\"sameAs\":[\"http:\/\/localhost\/wp-template\/wp\"],\"url\":\"https:\/\/oncos.com\/es\/author\/a-khouryaddlab-it\/\"}]}<\/script>\n<!-- \/ Yoast SEO plugin. -->","yoast_head_json":{"title":"Quimio y sol: \u00bfse puede tomar el sol durante el tratamiento? - Oncos","description":"Quimio y sol, \u00bfse puede tomar el sol despu\u00e9s y durante el tratamiento oncol\u00f3gico? Aqu\u00ed tienes los consejos de nuestros expertos de Oncos sobre quimio y sol.","robots":{"index":"index","follow":"follow","max-snippet":"max-snippet:-1","max-image-preview":"max-image-preview:large","max-video-preview":"max-video-preview:-1"},"canonical":"https:\/\/oncos.com\/es\/quimio-y-sol-tambien-en-otono-se-puede-tomar-el-sol-despues-y-durante-las-terapias-contra-el-cancer\/","og_locale":"es_ES","og_type":"article","og_title":"Quimio y sol: \u00bfse puede tomar el sol durante el tratamiento? - Oncos","og_description":"Quimio y sol, \u00bfse puede tomar el sol despu\u00e9s y durante el tratamiento oncol\u00f3gico? Aqu\u00ed tienes los consejos de nuestros expertos de Oncos sobre quimio y sol.","og_url":"https:\/\/oncos.com\/es\/quimio-y-sol-tambien-en-otono-se-puede-tomar-el-sol-despues-y-durante-las-terapias-contra-el-cancer\/","og_site_name":"Oncos","article_publisher":"https:\/\/www.facebook.com\/oncoscosmetica","article_published_time":"2023-09-13T14:50:57+00:00","article_modified_time":"2024-03-19T14:39:18+00:00","og_image":[{"width":1500,"height":1000,"url":"https:\/\/oncos.com\/site\/uploads\/2023\/09\/Chemio-e-sole.jpg","type":"image\/jpeg"}],"author":"a.khoury@addlab.it","twitter_card":"summary_large_image","twitter_misc":{"Written by":"a.khoury@addlab.it","Est. reading time":"2 minutes"},"schema":{"@context":"https:\/\/schema.org","@graph":[{"@type":"Article","@id":"https:\/\/oncos.com\/es\/quimio-y-sol-tambien-en-otono-se-puede-tomar-el-sol-despues-y-durante-las-terapias-contra-el-cancer\/#article","isPartOf":{"@id":"https:\/\/oncos.com\/es\/quimio-y-sol-tambien-en-otono-se-puede-tomar-el-sol-despues-y-durante-las-terapias-contra-el-cancer\/"},"author":{"name":"a.khoury@addlab.it","@id":"https:\/\/www.oncos.com\/es\/#\/schema\/person\/d9649ac4ee541335a132a4d800771d28"},"headline":"Quimio y sol tambi\u00e9n en oto\u00f1o: \u00bfse puede tomar el sol despu\u00e9s y durante las terapias contra el c\u00e1ncer?","datePublished":"2023-09-13T14:50:57+00:00","dateModified":"2024-03-19T14:39:18+00:00","mainEntityOfPage":{"@id":"https:\/\/oncos.com\/es\/quimio-y-sol-tambien-en-otono-se-puede-tomar-el-sol-despues-y-durante-las-terapias-contra-el-cancer\/"},"wordCount":408,"commentCount":0,"publisher":{"@id":"https:\/\/www.oncos.com\/es\/#organization"},"keywords":["Consejos y remedios","Ver todos"],"inLanguage":"es-ES","potentialAction":[{"@type":"CommentAction","name":"Comment","target":["https:\/\/oncos.com\/es\/quimio-y-sol-tambien-en-otono-se-puede-tomar-el-sol-despues-y-durante-las-terapias-contra-el-cancer\/#respond"]}]},{"@type":"WebPage","@id":"https:\/\/oncos.com\/es\/quimio-y-sol-tambien-en-otono-se-puede-tomar-el-sol-despues-y-durante-las-terapias-contra-el-cancer\/","url":"https:\/\/oncos.com\/es\/quimio-y-sol-tambien-en-otono-se-puede-tomar-el-sol-despues-y-durante-las-terapias-contra-el-cancer\/","name":"Quimio y sol: \u00bfse puede tomar el sol durante el tratamiento? - Oncos","isPartOf":{"@id":"https:\/\/www.oncos.com\/es\/#website"},"datePublished":"2023-09-13T14:50:57+00:00","dateModified":"2024-03-19T14:39:18+00:00","description":"Quimio y sol, \u00bfse puede tomar el sol despu\u00e9s y durante el tratamiento oncol\u00f3gico? Aqu\u00ed tienes los consejos de nuestros expertos de Oncos sobre quimio y sol.","breadcrumb":{"@id":"https:\/\/oncos.com\/es\/quimio-y-sol-tambien-en-otono-se-puede-tomar-el-sol-despues-y-durante-las-terapias-contra-el-cancer\/#breadcrumb"},"inLanguage":"es-ES","potentialAction":[{"@type":"ReadAction","target":["https:\/\/oncos.com\/es\/quimio-y-sol-tambien-en-otono-se-puede-tomar-el-sol-despues-y-durante-las-terapias-contra-el-cancer\/"]}]},{"@type":"BreadcrumbList","@id":"https:\/\/oncos.com\/es\/quimio-y-sol-tambien-en-otono-se-puede-tomar-el-sol-despues-y-durante-las-terapias-contra-el-cancer\/#breadcrumb","itemListElement":[{"@type":"ListItem","position":1,"name":"Home","item":"https:\/\/oncos.com\/es\/"},{"@type":"ListItem","position":2,"name":"Quimio y sol tambi\u00e9n en oto\u00f1o: \u00bfse puede tomar el sol despu\u00e9s y durante las terapias contra el c\u00e1ncer?"}]},{"@type":"WebSite","@id":"https:\/\/www.oncos.com\/es\/#website","url":"https:\/\/www.oncos.com\/es\/","name":"Oncos","description":"","publisher":{"@id":"https:\/\/www.oncos.com\/es\/#organization"},"potentialAction":[{"@type":"SearchAction","target":{"@type":"EntryPoint","urlTemplate":"https:\/\/www.oncos.com\/es\/?s={search_term_string}"},"query-input":"required name=search_term_string"}],"inLanguage":"es-ES"},{"@type":"Organization","@id":"https:\/\/www.oncos.com\/es\/#organization","name":"Oncos","url":"https:\/\/www.oncos.com\/es\/","logo":{"@type":"ImageObject","inLanguage":"es-ES","@id":"https:\/\/www.oncos.com\/es\/#\/schema\/logo\/image\/","url":"https:\/\/oncos.com\/site\/uploads\/2023\/08\/logo.png","contentUrl":"https:\/\/oncos.com\/site\/uploads\/2023\/08\/logo.png","width":693,"height":200,"caption":"Oncos"},"image":{"@id":"https:\/\/www.oncos.com\/es\/#\/schema\/logo\/image\/"},"sameAs":["https:\/\/www.facebook.com\/oncoscosmetica","https:\/\/www.instagram.com\/oncos_cosmetici\/"]},{"@type":"Person","@id":"https:\/\/www.oncos.com\/es\/#\/schema\/person\/d9649ac4ee541335a132a4d800771d28","name":"a.khoury@addlab.it","image":{"@type":"ImageObject","inLanguage":"es-ES","@id":"https:\/\/www.oncos.com\/es\/#\/schema\/person\/image\/","url":"https:\/\/secure.gravatar.com\/avatar\/2fbb7a4ecbd6d240db01b926ab1aeda5?s=96&d=mm&r=g","contentUrl":"https:\/\/secure.gravatar.com\/avatar\/2fbb7a4ecbd6d240db01b926ab1aeda5?s=96&d=mm&r=g","caption":"a.khoury@addlab.it"},"sameAs":["http:\/\/localhost\/wp-template\/wp"],"url":"https:\/\/oncos.com\/es\/author\/a-khouryaddlab-it\/"}]}},"_links":{"self":[{"href":"https:\/\/oncos.com\/es\/wp-json\/wp\/v2\/posts\/9656"}],"collection":[{"href":"https:\/\/oncos.com\/es\/wp-json\/wp\/v2\/posts"}],"about":[{"href":"https:\/\/oncos.com\/es\/wp-json\/wp\/v2\/types\/post"}],"author":[{"embeddable":true,"href":"https:\/\/oncos.com\/es\/wp-json\/wp\/v2\/users\/1"}],"replies":[{"embeddable":true,"href":"https:\/\/oncos.com\/es\/wp-json\/wp\/v2\/comments?post=9656"}],"version-history":[{"count":1,"href":"https:\/\/oncos.com\/es\/wp-json\/wp\/v2\/posts\/9656\/revisions"}],"predecessor-version":[{"id":11100,"href":"https:\/\/oncos.com\/es\/wp-json\/wp\/v2\/posts\/9656\/revisions\/11100"}],"wp:featuredmedia":[{"embeddable":true,"href":"https:\/\/oncos.com\/es\/wp-json\/wp\/v2\/media\/9657"}],"wp:attachment":[{"href":"https:\/\/oncos.com\/es\/wp-json\/wp\/v2\/media?parent=9656"}],"wp:term":[{"taxonomy":"post_tag","embeddable":true,"href":"https:\/\/oncos.com\/es\/wp-json\/wp\/v2\/tags?post=9656"}],"curies":[{"name":"wp","href":"https:\/\/api.w.org\/{rel}","templated":true}]}}